{"id":10002,"date":"2011-08-05T19:16:53","date_gmt":"2011-08-05T22:16:53","guid":{"rendered":"http:\/\/www.locoxelrojo.com.ar\/independiente\/?p=10002"},"modified":"2011-08-05T19:16:53","modified_gmt":"2011-08-05T22:16:53","slug":"parra-nos-tenemos-que-recuperar-rapido","status":"publish","type":"post","link":"https:\/\/www.locoxelrojo.com\/independiente\/2011\/08\/05\/parra-nos-tenemos-que-recuperar-rapido\/","title":{"rendered":"Parra: &#8220;Nos tenemos que recuperar r\u00e1pido&#8221;"},"content":{"rendered":"<p><a href=\"http:\/\/www.locoxelrojo.com.ar\/independiente\/wp-content\/uploads\/2011\/08\/parra.jpg\"><img loading=\"lazy\" class=\"alignnone size-full wp-image-10003\" title=\"parra\" src=\"http:\/\/www.locoxelrojo.com.ar\/independiente\/wp-content\/uploads\/2011\/08\/parra.jpg\" alt=\"\" width=\"590\" height=\"315\" srcset=\"https:\/\/locoxelrojo.com\/independiente\/wp-content\/uploads\/2011\/08\/parra.jpg 590w, https:\/\/locoxelrojo.com\/independiente\/wp-content\/uploads\/2011\/08\/parra-300x160.jpg 300w\" sizes=\"(max-width: 590px) 100vw, 590px\" \/><\/a><\/p>\n<p><strong>Facundo Parra <\/strong>fue uno de los que dialog\u00f3 con la prensa en Ezeiza luego de la llegada de Independiente a suelo argentino. &#8220;<strong>No son las mejores sensaciones porque no era lo que fuimos a buscar<\/strong>&#8220;, lament\u00f3 el delantero quien entendi\u00f3 que Independiente no hizo un buen primer tiempo.<\/p>\n<p><strong>&#8220;El primer tiempo fue bastante malo y no se dio lo que fuimos casi siempre. En el segundo mejoramos pero los penales son 50 y 50, nos toc\u00f3 perder como a veces te toca ganar&#8221;<\/strong>, asegur\u00f3. Independiente entrenar\u00e1 ma\u00f1ana a las 10 en Villa Dom\u00ednico. Es por eso que Parra entendi\u00f3 que <strong>&#8220;nos tenemos que recuperar r\u00e1pido porque el mi\u00e9rcoles hay otra final&#8221;<\/strong><\/p>\n<p>Por \u00faltimo, Parra destac\u00f3 la llegada de Gabriel milito y pidi\u00f3 volver a las ra\u00edces. <strong>&#8220;Hay que hacer todo lo posible para ser lo que eramos&#8221;<\/strong>, dijo de cara a la primera final con Inter el mi\u00e9rcoles 21:50. Tras esto, a\u00f1adi\u00f3 que <strong>&#8220;Milito es un jugador de selecci\u00f3n que nos viene b\u00e1rbaro&#8221;<\/strong>.<\/p>\n","protected":false},"excerpt":{"rendered":"<p>Facundo Parra fue uno de los que dialog\u00f3 con la prensa en Ezeiza luego de la llegada de Independiente a suelo argentino. &#8220;No son las mejores sensaciones porque no era lo que fuimos a buscar&#8220;, lament\u00f3 el delantero quien entendi\u00f3 que Independiente no hizo un buen primer tiempo. &#8220;El primer tiempo fue bastante malo y [&hellip;]<\/p>\n","protected":false},"author":1,"featured_media":0,"comment_status":"open","ping_status":"open","sticky":false,"template":"","format":"standard","meta":{"_links_to":"","_links_to_target":""},"categories":[3,1],"tags":[153,967,36,42],"_links":{"self":[{"href":"https:\/\/www.locoxelrojo.com\/independiente\/wp-json\/wp\/v2\/posts\/10002"}],"collection":[{"href":"https:\/\/www.locoxelrojo.com\/independiente\/wp-json\/wp\/v2\/posts"}],"about":[{"href":"https:\/\/www.locoxelrojo.com\/independiente\/wp-json\/wp\/v2\/types\/post"}],"author":[{"embeddable":true,"href":"https:\/\/www.locoxelrojo.com\/independiente\/wp-json\/wp\/v2\/users\/1"}],"replies":[{"embeddable":true,"href":"https:\/\/www.locoxelrojo.com\/independiente\/wp-json\/wp\/v2\/comments?post=10002"}],"version-history":[{"count":0,"href":"https:\/\/www.locoxelrojo.com\/independiente\/wp-json\/wp\/v2\/posts\/10002\/revisions"}],"wp:attachment":[{"href":"https:\/\/www.locoxelrojo.com\/independiente\/wp-json\/wp\/v2\/media?parent=10002"}],"wp:term":[{"taxonomy":"category","embeddable":true,"href":"https:\/\/www.locoxelrojo.com\/independiente\/wp-json\/wp\/v2\/categories?post=10002"},{"taxonomy":"post_tag","embeddable":true,"href":"https:\/\/www.locoxelrojo.com\/independiente\/wp-json\/wp\/v2\/tags?post=10002"}],"curies":[{"name":"wp","href":"https:\/\/api.w.org\/{rel}","templated":true}]}}