{"id":10005,"date":"2011-08-05T19:43:07","date_gmt":"2011-08-05T22:43:07","guid":{"rendered":"http:\/\/www.locoxelrojo.com.ar\/independiente\/?p=10005"},"modified":"2011-08-05T19:43:07","modified_gmt":"2011-08-05T22:43:07","slug":"ferreyra-no-hay-tiempo-para-lamentos","status":"publish","type":"post","link":"https:\/\/www.locoxelrojo.com\/independiente\/2011\/08\/05\/ferreyra-no-hay-tiempo-para-lamentos\/","title":{"rendered":"Ferreyra: &#8220;No hay tiempo para lamentos&#8221;"},"content":{"rendered":"<p><a href=\"http:\/\/www.locoxelrojo.com.ar\/independiente\/wp-content\/uploads\/2011\/08\/osmar_Ferreyra.jpg\"><img loading=\"lazy\" class=\"alignnone size-full wp-image-10006\" title=\"osmar_Ferreyra\" src=\"http:\/\/www.locoxelrojo.com.ar\/independiente\/wp-content\/uploads\/2011\/08\/osmar_Ferreyra.jpg\" alt=\"\" width=\"590\" height=\"315\" srcset=\"https:\/\/locoxelrojo.com\/independiente\/wp-content\/uploads\/2011\/08\/osmar_Ferreyra.jpg 590w, https:\/\/locoxelrojo.com\/independiente\/wp-content\/uploads\/2011\/08\/osmar_Ferreyra-300x160.jpg 300w\" sizes=\"(max-width: 590px) 100vw, 590px\" \/><\/a><\/p>\n<p><strong>Osmar Ferreyra <\/strong>dialog\u00f3 con el periodismo luego de la llegada a Ezeiza. El jugador destac\u00f3 el golpe an\u00edmico pero admiti\u00f3 que hay que recuperarse r\u00e1pido de cara a la primer final de la Recopa Sudamericana el pr\u00f3ximo mi\u00e9rcoles<strong> &#8220;Era el primer objetivo; importante en lo deportivo y lo an\u00edmico<\/strong>&#8220;, entendi\u00f3.<\/p>\n<p>R\u00e1pidamente, a\u00f1adi\u00f3 que hubiese sido distinto<strong> &#8220;llegar con la copa para encarar la Recopa&#8221;. <\/strong>De todas formas,<strong> &#8220;no hay tiempo para lamentos y hay que levantar cabeza y ponerse a trabajar y estar al 100% el mi\u00e9rcoles&#8221;.<\/strong> El Malevo se refiri\u00f3 tambi\u00e9n al regreso de Gabriel Milito. <strong>&#8220;Puede aportar much\u00edsimo&#8221;<\/strong>, enfatiz\u00f3.<\/p>\n<p>Por \u00faltimo reconoci\u00f3 que<strong> &#8220;es un placer y un honor que se haya sumado un tipo con mucha jerarqu\u00eda y trayectoria. &#8220;Adem\u00e1s es \u00eddolo del club, esperemos que este cuanto antes entrenando y a las ordenes del entrenador&#8221;<\/strong>, cerr\u00f3.<\/p>\n","protected":false},"excerpt":{"rendered":"<p>Osmar Ferreyra dialog\u00f3 con el periodismo luego de la llegada a Ezeiza. El jugador destac\u00f3 el golpe an\u00edmico pero admiti\u00f3 que hay que recuperarse r\u00e1pido de cara a la primer final de la Recopa Sudamericana el pr\u00f3ximo mi\u00e9rcoles &#8220;Era el primer objetivo; importante en lo deportivo y lo an\u00edmico&#8220;, entendi\u00f3. R\u00e1pidamente, a\u00f1adi\u00f3 que hubiese sido [&hellip;]<\/p>\n","protected":false},"author":1,"featured_media":0,"comment_status":"open","ping_status":"open","sticky":false,"template":"","format":"standard","meta":{"_links_to":"","_links_to_target":""},"categories":[3,1],"tags":[153,916],"_links":{"self":[{"href":"https:\/\/www.locoxelrojo.com\/independiente\/wp-json\/wp\/v2\/posts\/10005"}],"collection":[{"href":"https:\/\/www.locoxelrojo.com\/independiente\/wp-json\/wp\/v2\/posts"}],"about":[{"href":"https:\/\/www.locoxelrojo.com\/independiente\/wp-json\/wp\/v2\/types\/post"}],"author":[{"embeddable":true,"href":"https:\/\/www.locoxelrojo.com\/independiente\/wp-json\/wp\/v2\/users\/1"}],"replies":[{"embeddable":true,"href":"https:\/\/www.locoxelrojo.com\/independiente\/wp-json\/wp\/v2\/comments?post=10005"}],"version-history":[{"count":0,"href":"https:\/\/www.locoxelrojo.com\/independiente\/wp-json\/wp\/v2\/posts\/10005\/revisions"}],"wp:attachment":[{"href":"https:\/\/www.locoxelrojo.com\/independiente\/wp-json\/wp\/v2\/media?parent=10005"}],"wp:term":[{"taxonomy":"category","embeddable":true,"href":"https:\/\/www.locoxelrojo.com\/independiente\/wp-json\/wp\/v2\/categories?post=10005"},{"taxonomy":"post_tag","embeddable":true,"href":"https:\/\/www.locoxelrojo.com\/independiente\/wp-json\/wp\/v2\/tags?post=10005"}],"curies":[{"name":"wp","href":"https:\/\/api.w.org\/{rel}","templated":true}]}}