{"id":100059,"date":"2021-09-23T18:56:23","date_gmt":"2021-09-23T21:56:23","guid":{"rendered":"https:\/\/www.locoxelrojo.com\/independiente\/?p=100059"},"modified":"2021-09-23T18:56:23","modified_gmt":"2021-09-23T21:56:23","slug":"laso-la-idea-era-sumar-minutos-en-reserva-y-me-vino-bien","status":"publish","type":"post","link":"https:\/\/www.locoxelrojo.com\/independiente\/2021\/09\/23\/laso-la-idea-era-sumar-minutos-en-reserva-y-me-vino-bien\/","title":{"rendered":"Laso: &#8220;La idea era sumar minutos en Reserva y me vino bien&#8221;"},"content":{"rendered":"<p><strong>Joaqu\u00edn Laso<\/strong> fue uno de los profesionales que jug\u00f3 <a href=\"https:\/\/www.locoxelrojo.com\/independiente\/2021\/09\/23\/no-se-sacaron-ventaja\/\">en el empate 0-0 de la Reserva entre Independiente y Godoy Cruz<\/a>. El defensor <strong>cont\u00f3 sus sensaciones del partido y como vive el d\u00eda a d\u00eda en el club.<\/strong><\/p>\n<p><strong>&#8220;La idea era sumar minutos y roce, m\u00e1s all\u00e1 de que sea la Reserva, me vino bien&#8221;<\/strong>, explic\u00f3 el central, quien complet\u00f3 los 90 minutos y tuvo un rendimiento aceptable. <strong>&#8220;Redondeamos un buen partido m\u00e1s all\u00e1 de que no convertimos y nos falt\u00f3 profundidad&#8221;<\/strong>, agreg\u00f3.<\/p>\n<p>Cuando lleg\u00f3 al Rojo se vio envuelto en una situaci\u00f3n poco agradable. No pod\u00eda ser tenido en cuenta por el DT debido a las inhibiciones y explic\u00f3 como vivi\u00f3 eso d\u00edas: <strong>&#8220;Me mentalic\u00e9 que de un momento a otro podr\u00eda cambiar la historia, por eso ten\u00eda que estar siempre bien, a la par de los compa\u00f1eros, cuid\u00e1ndome y sin relajarme. Eso lo han visto el cuerpo t\u00e9cnico&#8221;<\/strong>. Y sum\u00f3: <strong>&#8220;Creo que llegu\u00e9 de gran manera y por eso hoy no se not\u00f3 esa falta de f\u00fatbol&#8221;<\/strong>.<\/p>\n<p>La dupla Juan Manuel Insaurralde y Sergio Barreto es la columna vertebral de Julio C\u00e9sar Falcioni. Sobre el rendimiento de sus compa\u00f1eros, declar\u00f3: <strong>&#8220;Siempre que a los centrales le vaya bien, es bueno para el equipo, porque te da seguridad. Es bueno que el equipo este firme y seguro para cuando toque participar, eso levanta la vara&#8221;<\/strong>.<\/p>\n<p>Para cerrar el di\u00e1logo con Muy Independiente, se refiri\u00f3 al andar del equipo en el campeonato: <strong>&#8220;Estamos encontrando la madurez de saber buscar los momentos del partido, de cuando se puede atacar y cuando se puede defender. Estas fechas van a ser fundamentales&#8221;<\/strong>.<\/p>\n","protected":false},"excerpt":{"rendered":"<p>Joaqu\u00edn Laso fue uno de los profesionales que jug\u00f3 en el empate 0-0 de la Reserva entre Independiente y Godoy Cruz. El defensor cont\u00f3 sus sensaciones del partido y como vive el d\u00eda a d\u00eda en el club. &#8220;La idea era sumar minutos y roce, m\u00e1s all\u00e1 de que sea la Reserva, me vino bien&#8221;, [&hellip;]<\/p>\n","protected":false},"author":1,"featured_media":100062,"comment_status":"open","ping_status":"closed","sticky":false,"template":"","format":"standard","meta":{"_links_to":"","_links_to_target":""},"categories":[3247,3],"tags":[153,4923,231],"_links":{"self":[{"href":"https:\/\/www.locoxelrojo.com\/independiente\/wp-json\/wp\/v2\/posts\/100059"}],"collection":[{"href":"https:\/\/www.locoxelrojo.com\/independiente\/wp-json\/wp\/v2\/posts"}],"about":[{"href":"https:\/\/www.locoxelrojo.com\/independiente\/wp-json\/wp\/v2\/types\/post"}],"author":[{"embeddable":true,"href":"https:\/\/www.locoxelrojo.com\/independiente\/wp-json\/wp\/v2\/users\/1"}],"replies":[{"embeddable":true,"href":"https:\/\/www.locoxelrojo.com\/independiente\/wp-json\/wp\/v2\/comments?post=100059"}],"version-history":[{"count":2,"href":"https:\/\/www.locoxelrojo.com\/independiente\/wp-json\/wp\/v2\/posts\/100059\/revisions"}],"predecessor-version":[{"id":100063,"href":"https:\/\/www.locoxelrojo.com\/independiente\/wp-json\/wp\/v2\/posts\/100059\/revisions\/100063"}],"wp:featuredmedia":[{"embeddable":true,"href":"https:\/\/www.locoxelrojo.com\/independiente\/wp-json\/wp\/v2\/media\/100062"}],"wp:attachment":[{"href":"https:\/\/www.locoxelrojo.com\/independiente\/wp-json\/wp\/v2\/media?parent=100059"}],"wp:term":[{"taxonomy":"category","embeddable":true,"href":"https:\/\/www.locoxelrojo.com\/independiente\/wp-json\/wp\/v2\/categories?post=100059"},{"taxonomy":"post_tag","embeddable":true,"href":"https:\/\/www.locoxelrojo.com\/independiente\/wp-json\/wp\/v2\/tags?post=100059"}],"curies":[{"name":"wp","href":"https:\/\/api.w.org\/{rel}","templated":true}]}}