{"id":100199,"date":"2021-09-28T13:49:33","date_gmt":"2021-09-28T16:49:33","guid":{"rendered":"https:\/\/www.locoxelrojo.com\/independiente\/?p=100199"},"modified":"2021-09-28T13:49:33","modified_gmt":"2021-09-28T16:49:33","slug":"regresa-antes","status":"publish","type":"post","link":"https:\/\/www.locoxelrojo.com\/independiente\/2021\/09\/28\/regresa-antes\/","title":{"rendered":"\u00bfRegresa antes?"},"content":{"rendered":"<p>El plantel de <strong>Independiente<\/strong> volvi\u00f3 a entrenarse este martes por la ma\u00f1ana luego de la dur\u00edsima derrota que sufri\u00f3 contra Godoy Cruz con una <strong>noticia alentadora para Julio Falcioni<\/strong>.<\/p>\n<p><strong>Se trata de Andr\u00e9s Roa<\/strong>,<a href=\"https:\/\/www.locoxelrojo.com\/independiente\/2021\/09\/14\/roa-desgarrado-2\/\"> quien se hab\u00eda desgarrado en el encuentro ante Lan\u00fas hace dos semanas<\/a>. Si bien el colombiano a\u00fan no cumpli\u00f3 con las tres semanas previstas, <strong>hoy comenz\u00f3 a realizar algunos trabajos de campo a la par de sus compa\u00f1eros<\/strong>.<\/p>\n<p>Su participaci\u00f3n frente a V\u00e9lez todav\u00eda es una inc\u00f3gnita pero a ra\u00edz del 1-4 con el Tomba, <strong>el Emperador quiz\u00e1s lo concentre si evoluciona favorablemente<\/strong>. A esto se le suma los bajos rendimientos en general de los hombres de ataque y las pocas variantes que hay en el plantel.<\/p>\n<p><strong>En cuanto a los jugadores que sumaron minutos el domingo, hicieron trabajos en el gimnasio y drill de pases con definici\u00f3n<\/strong>. Mientras que el resto llevaron a cabo un rondo para comenzar y posteriormente hubo combinaciones ofensivas, un f\u00fatbol reducido y trabajos de fuerza en el gimnasio.<\/p>\n<p><strong>Se movieron de manera diferenciada Jonathan Herrera<\/strong> -excluido de los convocados en el \u00faltimo encuentro por un cuadro de anemia- <strong>y Lucas Rodr\u00edguez<\/strong> &#8211;<a href=\"https:\/\/www.locoxelrojo.com\/independiente\/2021\/09\/27\/operado-con-exito-3\/\">ayer fue operado con \u00e9xito de su hernia inguinal<\/a>-.<\/p>\n","protected":false},"excerpt":{"rendered":"<p>El plantel de Independiente volvi\u00f3 a entrenarse este martes por la ma\u00f1ana luego de la dur\u00edsima derrota que sufri\u00f3 contra Godoy Cruz con una noticia alentadora para Julio Falcioni. Se trata de Andr\u00e9s Roa, quien se hab\u00eda desgarrado en el encuentro ante Lan\u00fas hace dos semanas. Si bien el colombiano a\u00fan no cumpli\u00f3 con las [&hellip;]<\/p>\n","protected":false},"author":19,"featured_media":99034,"comment_status":"open","ping_status":"closed","sticky":false,"template":"","format":"standard","meta":{"_links_to":"","_links_to_target":""},"categories":[3247,3],"tags":[4267,153,26,4466,4647,1683],"_links":{"self":[{"href":"https:\/\/www.locoxelrojo.com\/independiente\/wp-json\/wp\/v2\/posts\/100199"}],"collection":[{"href":"https:\/\/www.locoxelrojo.com\/independiente\/wp-json\/wp\/v2\/posts"}],"about":[{"href":"https:\/\/www.locoxelrojo.com\/independiente\/wp-json\/wp\/v2\/types\/post"}],"author":[{"embeddable":true,"href":"https:\/\/www.locoxelrojo.com\/independiente\/wp-json\/wp\/v2\/users\/19"}],"replies":[{"embeddable":true,"href":"https:\/\/www.locoxelrojo.com\/independiente\/wp-json\/wp\/v2\/comments?post=100199"}],"version-history":[{"count":1,"href":"https:\/\/www.locoxelrojo.com\/independiente\/wp-json\/wp\/v2\/posts\/100199\/revisions"}],"predecessor-version":[{"id":100200,"href":"https:\/\/www.locoxelrojo.com\/independiente\/wp-json\/wp\/v2\/posts\/100199\/revisions\/100200"}],"wp:featuredmedia":[{"embeddable":true,"href":"https:\/\/www.locoxelrojo.com\/independiente\/wp-json\/wp\/v2\/media\/99034"}],"wp:attachment":[{"href":"https:\/\/www.locoxelrojo.com\/independiente\/wp-json\/wp\/v2\/media?parent=100199"}],"wp:term":[{"taxonomy":"category","embeddable":true,"href":"https:\/\/www.locoxelrojo.com\/independiente\/wp-json\/wp\/v2\/categories?post=100199"},{"taxonomy":"post_tag","embeddable":true,"href":"https:\/\/www.locoxelrojo.com\/independiente\/wp-json\/wp\/v2\/tags?post=100199"}],"curies":[{"name":"wp","href":"https:\/\/api.w.org\/{rel}","templated":true}]}}