{"id":100209,"date":"2021-09-29T17:30:11","date_gmt":"2021-09-29T20:30:11","guid":{"rendered":"https:\/\/www.locoxelrojo.com\/independiente\/?p=100209"},"modified":"2021-09-29T17:31:04","modified_gmt":"2021-09-29T20:31:04","slug":"va-con-linea-de-cinco","status":"publish","type":"post","link":"https:\/\/www.locoxelrojo.com\/independiente\/2021\/09\/29\/va-con-linea-de-cinco\/","title":{"rendered":"\u00bfVa con l\u00ednea de cinco?"},"content":{"rendered":"<p>El plantel de <strong>Independiente<\/strong> se entren\u00f3 este mi\u00e9rcoles por la ma\u00f1ana en el predio de Villa Dom\u00ednico con la cabeza puesta en el pr\u00f3ximo enfrentamiento por el torneo local. <strong>Julio Falcioni par\u00f3 un posible equipo para visitar a V\u00e9lez en el Jos\u00e9 Amalfitani<\/strong>.<\/p>\n<p>La pr\u00e1ctica comenz\u00f3 con circuito de potencia y velocidad en el campo de juego, luego sigui\u00f3 con trabajos de posesi\u00f3n del bal\u00f3n. Para finalizar se realizaron ejercicios t\u00e9cnico-t\u00e1cticos.<\/p>\n<p>El Emperador hizo cambios y volvi\u00f3 a la l\u00ednea de cinco en el fondo. Los 11 que entrenaron como titulares fueron: <strong>Sebasti\u00e1n Sosa; Gonzalo As\u00eds, Sergio Barreto, Joaqu\u00edn Laso, Juan Insaurralde, Gast\u00f3n Togni; Lucas Gonz\u00e1lez, Lucas Romero, Alan So\u00f1ora; Alan Velasco y Silvio Romero<\/strong>.<\/p>\n<p><strong>Por su parte Lucas Rodr\u00edguez y Jonathan Herrera realizaron ejercicios f\u00edsicos en el campo<\/strong>. <strong>Andr\u00e9s Roa<\/strong> evoluciona r\u00e1pido de su desgarro y <a href=\"https:\/\/www.locoxelrojo.com\/independiente\/2021\/09\/28\/regresa-antes\/\">ya logr\u00f3 hacer algunos ejercicios a la par de sus compa\u00f1eros al igual que ayer<\/a>.<\/p>\n<p><strong>Fabricio Bustos y Domingo Blanco llegar\u00edan al duelo por la fecha 14 y reemplazar\u00edan a Gonzalo As\u00eds y Lucas Gonz\u00e1lez en esos puestos<\/strong>. Este jueves, Falcioni volver\u00e1 a probar el equipo y cerca del mediod\u00eda brindar\u00e1 una conferencia de prensa.<\/p>\n","protected":false},"excerpt":{"rendered":"<p>El plantel de Independiente se entren\u00f3 este mi\u00e9rcoles por la ma\u00f1ana en el predio de Villa Dom\u00ednico con la cabeza puesta en el pr\u00f3ximo enfrentamiento por el torneo local. Julio Falcioni par\u00f3 un posible equipo para visitar a V\u00e9lez en el Jos\u00e9 Amalfitani. La pr\u00e1ctica comenz\u00f3 con circuito de potencia y velocidad en el campo [&hellip;]<\/p>\n","protected":false},"author":101026,"featured_media":100210,"comment_status":"open","ping_status":"closed","sticky":false,"template":"","format":"standard","meta":{"_links_to":"","_links_to_target":""},"categories":[3247,3],"tags":[4267,153,26,4923,4466,2300,4647,1683],"_links":{"self":[{"href":"https:\/\/www.locoxelrojo.com\/independiente\/wp-json\/wp\/v2\/posts\/100209"}],"collection":[{"href":"https:\/\/www.locoxelrojo.com\/independiente\/wp-json\/wp\/v2\/posts"}],"about":[{"href":"https:\/\/www.locoxelrojo.com\/independiente\/wp-json\/wp\/v2\/types\/post"}],"author":[{"embeddable":true,"href":"https:\/\/www.locoxelrojo.com\/independiente\/wp-json\/wp\/v2\/users\/101026"}],"replies":[{"embeddable":true,"href":"https:\/\/www.locoxelrojo.com\/independiente\/wp-json\/wp\/v2\/comments?post=100209"}],"version-history":[{"count":1,"href":"https:\/\/www.locoxelrojo.com\/independiente\/wp-json\/wp\/v2\/posts\/100209\/revisions"}],"predecessor-version":[{"id":100211,"href":"https:\/\/www.locoxelrojo.com\/independiente\/wp-json\/wp\/v2\/posts\/100209\/revisions\/100211"}],"wp:featuredmedia":[{"embeddable":true,"href":"https:\/\/www.locoxelrojo.com\/independiente\/wp-json\/wp\/v2\/media\/100210"}],"wp:attachment":[{"href":"https:\/\/www.locoxelrojo.com\/independiente\/wp-json\/wp\/v2\/media?parent=100209"}],"wp:term":[{"taxonomy":"category","embeddable":true,"href":"https:\/\/www.locoxelrojo.com\/independiente\/wp-json\/wp\/v2\/categories?post=100209"},{"taxonomy":"post_tag","embeddable":true,"href":"https:\/\/www.locoxelrojo.com\/independiente\/wp-json\/wp\/v2\/tags?post=100209"}],"curies":[{"name":"wp","href":"https:\/\/api.w.org\/{rel}","templated":true}]}}