{"id":100604,"date":"2021-10-14T11:43:37","date_gmt":"2021-10-14T14:43:37","guid":{"rendered":"https:\/\/www.locoxelrojo.com\/independiente\/?p=100604"},"modified":"2021-10-14T18:44:03","modified_gmt":"2021-10-14T21:44:03","slug":"lanzamiento-oficial-de-primero-independiente","status":"publish","type":"post","link":"https:\/\/www.locoxelrojo.com\/independiente\/2021\/10\/14\/lanzamiento-oficial-de-primero-independiente\/","title":{"rendered":"Lanzamiento oficial de Primero Independiente"},"content":{"rendered":"<p><strong>Se realiz\u00f3 el lanzamiento oficial de Primero Independiente.<\/strong><\/p>\n<p>El frente de unidad Primero Independiente fue presentado este mi\u00e9rcoles en Avellaneda. La cita fue en la sede de Lista Roja. <strong>El mismo est\u00e1 compuesto por integrantes de la propia Lista Roja, Aut\u00e9nticos Rojos, Puro Sentimiento Rojo y el Movimiento Rey de Copas.<\/strong><\/p>\n<p><strong>Juan Torres, N\u00e9stor Guido, Fernando Montenegro y Luis Cabill\u00f3n<\/strong> fueron los oradores y los que encabezaron el acto en representaci\u00f3n a cada sello y movimiento respectivamente.<\/p>\n<p><strong>&#8220;Hoy m\u00e1s que nunca debemos reafirmar que el club es de los socios, por lo cual la informaci\u00f3n y la transparencia de los actos de gobierno son imprescindibles&#8221;<\/strong>, manifest\u00f3 Torres. <strong>&#8220;Nos une la pasi\u00f3n por los colores. El club es de los asociados, no de los afiliados&#8221;<\/strong>, expres\u00f3 Guido. En cuanto a Montenegro, advirti\u00f3: <strong>&#8220;Es el momento m\u00e1s importante de la historia de nuestro club. Tendremos la \u00faltima oportunidad de recuperarlo. En diciembre, Independiente se juega los pr\u00f3ximos 20 a\u00f1os de su vida&#8221;<\/strong>. Y Cabill\u00f3n, cerr\u00f3: <strong>&#8220;Vamos por la confirmaci\u00f3n de un grupo de socios y socias que va a dar todo de s\u00ed para devolverle la historia a nuestro Rojo querido&#8221;<\/strong>.<\/p>\n","protected":false},"excerpt":{"rendered":"<p>Se realiz\u00f3 el lanzamiento oficial de Primero Independiente. El frente de unidad Primero Independiente fue presentado este mi\u00e9rcoles en Avellaneda. La cita fue en la sede de Lista Roja. El mismo est\u00e1 compuesto por integrantes de la propia Lista Roja, Aut\u00e9nticos Rojos, Puro Sentimiento Rojo y el Movimiento Rey de Copas. Juan Torres, N\u00e9stor Guido, [&hellip;]<\/p>\n","protected":false},"author":1,"featured_media":100605,"comment_status":"open","ping_status":"closed","sticky":false,"template":"","format":"standard","meta":{"_links_to":"","_links_to_target":""},"categories":[3280,3247],"tags":[153,5057,1037,1135,5062,1762,5061],"_links":{"self":[{"href":"https:\/\/www.locoxelrojo.com\/independiente\/wp-json\/wp\/v2\/posts\/100604"}],"collection":[{"href":"https:\/\/www.locoxelrojo.com\/independiente\/wp-json\/wp\/v2\/posts"}],"about":[{"href":"https:\/\/www.locoxelrojo.com\/independiente\/wp-json\/wp\/v2\/types\/post"}],"author":[{"embeddable":true,"href":"https:\/\/www.locoxelrojo.com\/independiente\/wp-json\/wp\/v2\/users\/1"}],"replies":[{"embeddable":true,"href":"https:\/\/www.locoxelrojo.com\/independiente\/wp-json\/wp\/v2\/comments?post=100604"}],"version-history":[{"count":1,"href":"https:\/\/www.locoxelrojo.com\/independiente\/wp-json\/wp\/v2\/posts\/100604\/revisions"}],"predecessor-version":[{"id":100606,"href":"https:\/\/www.locoxelrojo.com\/independiente\/wp-json\/wp\/v2\/posts\/100604\/revisions\/100606"}],"wp:featuredmedia":[{"embeddable":true,"href":"https:\/\/www.locoxelrojo.com\/independiente\/wp-json\/wp\/v2\/media\/100605"}],"wp:attachment":[{"href":"https:\/\/www.locoxelrojo.com\/independiente\/wp-json\/wp\/v2\/media?parent=100604"}],"wp:term":[{"taxonomy":"category","embeddable":true,"href":"https:\/\/www.locoxelrojo.com\/independiente\/wp-json\/wp\/v2\/categories?post=100604"},{"taxonomy":"post_tag","embeddable":true,"href":"https:\/\/www.locoxelrojo.com\/independiente\/wp-json\/wp\/v2\/tags?post=100604"}],"curies":[{"name":"wp","href":"https:\/\/api.w.org\/{rel}","templated":true}]}}