{"id":100737,"date":"2021-10-19T21:50:04","date_gmt":"2021-10-20T00:50:04","guid":{"rendered":"https:\/\/www.locoxelrojo.com\/independiente\/?p=100737"},"modified":"2021-10-19T21:50:04","modified_gmt":"2021-10-20T00:50:04","slug":"marcha-atras-hay-elecciones-el-19-de-diciembre","status":"publish","type":"post","link":"https:\/\/www.locoxelrojo.com\/independiente\/2021\/10\/19\/marcha-atras-hay-elecciones-el-19-de-diciembre\/","title":{"rendered":"Marcha atr\u00e1s: hay elecciones el 19 de diciembre"},"content":{"rendered":"<p><strong>Finalmente, el oficialismo dio marcha atr\u00e1s con la idea de que los comicios se realicen el 26 de diciembre y adelant\u00f3 la fecha.<\/strong><\/p>\n<p>En la Asamblea de Representantes que se llev\u00f3 adelante este martes en la Sede de Avellaneda, adem\u00e1s de aprobarse <a href=\"https:\/\/www.locoxelrojo.com\/independiente\/2021\/10\/19\/balance-aprobado-por-mayoria-2\/\">el Balance que arroj\u00f3 un pasivo de casi 40.000.000 de d\u00f3lares<\/a>, ocurri\u00f3 una situaci\u00f3n particular.<\/p>\n<p>El presidente Hugo Moyano escuch\u00f3 los reclamos de la oposici\u00f3n y propuso volver a la fecha inicial las elecciones. Todo qued\u00f3 qued\u00f3 aprobado y <strong>se llevar\u00e1n adelante el 19 de diciembre<\/strong>.<\/p>\n","protected":false},"excerpt":{"rendered":"<p>Finalmente, el oficialismo dio marcha atr\u00e1s con la idea de que los comicios se realicen el 26 de diciembre y adelant\u00f3 la fecha. En la Asamblea de Representantes que se llev\u00f3 adelante este martes en la Sede de Avellaneda, adem\u00e1s de aprobarse el Balance que arroj\u00f3 un pasivo de casi 40.000.000 de d\u00f3lares, ocurri\u00f3 una [&hellip;]<\/p>\n","protected":false},"author":1,"featured_media":100740,"comment_status":"open","ping_status":"closed","sticky":false,"template":"","format":"standard","meta":{"_links_to":"","_links_to_target":""},"categories":[3247,4],"tags":[3071,153,5057],"_links":{"self":[{"href":"https:\/\/www.locoxelrojo.com\/independiente\/wp-json\/wp\/v2\/posts\/100737"}],"collection":[{"href":"https:\/\/www.locoxelrojo.com\/independiente\/wp-json\/wp\/v2\/posts"}],"about":[{"href":"https:\/\/www.locoxelrojo.com\/independiente\/wp-json\/wp\/v2\/types\/post"}],"author":[{"embeddable":true,"href":"https:\/\/www.locoxelrojo.com\/independiente\/wp-json\/wp\/v2\/users\/1"}],"replies":[{"embeddable":true,"href":"https:\/\/www.locoxelrojo.com\/independiente\/wp-json\/wp\/v2\/comments?post=100737"}],"version-history":[{"count":2,"href":"https:\/\/www.locoxelrojo.com\/independiente\/wp-json\/wp\/v2\/posts\/100737\/revisions"}],"predecessor-version":[{"id":100739,"href":"https:\/\/www.locoxelrojo.com\/independiente\/wp-json\/wp\/v2\/posts\/100737\/revisions\/100739"}],"wp:featuredmedia":[{"embeddable":true,"href":"https:\/\/www.locoxelrojo.com\/independiente\/wp-json\/wp\/v2\/media\/100740"}],"wp:attachment":[{"href":"https:\/\/www.locoxelrojo.com\/independiente\/wp-json\/wp\/v2\/media?parent=100737"}],"wp:term":[{"taxonomy":"category","embeddable":true,"href":"https:\/\/www.locoxelrojo.com\/independiente\/wp-json\/wp\/v2\/categories?post=100737"},{"taxonomy":"post_tag","embeddable":true,"href":"https:\/\/www.locoxelrojo.com\/independiente\/wp-json\/wp\/v2\/tags?post=100737"}],"curies":[{"name":"wp","href":"https:\/\/api.w.org\/{rel}","templated":true}]}}