{"id":10089,"date":"2011-08-09T04:19:51","date_gmt":"2011-08-09T07:19:51","guid":{"rendered":"http:\/\/www.locoxelrojo.com.ar\/independiente\/?p=10089"},"modified":"2015-09-14T23:46:05","modified_gmt":"2015-09-15T02:46:05","slug":"barrueco-se-van-a-ver-cambios-en-el-estadio-estuvimos-trabajando-mucho-durante-el-receso","status":"publish","type":"post","link":"https:\/\/www.locoxelrojo.com\/independiente\/2011\/08\/09\/barrueco-se-van-a-ver-cambios-en-el-estadio-estuvimos-trabajando-mucho-durante-el-receso\/","title":{"rendered":"Barrueco: &#8220;Se van a ver cambios en el estadio, se estuvo trabajando mucho durante el receso&#8221;"},"content":{"rendered":"<p><a href=\"http:\/\/www.locoxelrojo.com.ar\/independiente\/wp-content\/uploads\/2011\/08\/barrueco_hugo.jpg\"><img loading=\"lazy\" class=\"alignnone size-full wp-image-10090\" title=\"barrueco_hugo\" src=\"http:\/\/www.locoxelrojo.com.ar\/independiente\/wp-content\/uploads\/2011\/08\/barrueco_hugo.jpg\" alt=\"\" width=\"590\" height=\"315\" srcset=\"https:\/\/locoxelrojo.com\/independiente\/wp-content\/uploads\/2011\/08\/barrueco_hugo.jpg 590w, https:\/\/locoxelrojo.com\/independiente\/wp-content\/uploads\/2011\/08\/barrueco_hugo-300x160.jpg 300w\" sizes=\"(max-width: 590px) 100vw, 590px\" \/><\/a><\/p>\n<p>El Vicepresidente 2do de Independiente Hugo Barrueco habl\u00f3 en <strong>LocoxelRojo Radio<\/strong> sobre la frustraci\u00f3n de la Suruga Bank en Jap\u00f3n, el pase ca\u00eddo de Ernesto Far\u00edas y cont\u00f3 todos los detalles sobre las obras en el Libertadores de Am\u00e9rica.<br \/>\n<strong><br \/>\n&#8220;Tenemos revancha por el partido en Jap\u00f3n en dos d\u00edas&#8221;<\/strong>, adelant\u00f3 sobre sus expectativas para el partido frente al Inter de Porto Alegre por la Recopa Sudamericana. Y tambi\u00e9n se tomo unos segundos para hablar sobre la vuelta de Independiente a los planos internacionales: <strong>&#8220;Se est\u00e1 volviendo a hablar de Independiente en el plano internacional y eso es un orgullo&#8221;<\/strong>, sentenci\u00f3.<\/p>\n<p>Igualmente, siendo uno de los dirigentes m\u00e1s importantes hoy en d\u00eda en el club, no pudo dejar de lado su fanatismo y se mostr\u00f3 dolido y apenado por lo que ocurri\u00f3 en Shizuoka, <strong>&#8220;la derrota en Jap\u00f3n se vivi\u00f3 con mucha tristeza&#8221;<\/strong>, dijo. Y agreg\u00f3: <strong>&#8220;estoy ocupando un puesto dentro del club, pero sigo siendo hincha&#8221;<\/strong>.<\/p>\n<p>En cuanto a la novela por el pase frustrado del Tecla Far\u00edas manifest\u00f3 que la negociaci\u00f3n ya est\u00e1 totalmente ca\u00edda. <strong>&#8220;Con Farias sucedi\u00f3 que ten\u00edamos todo acordado, pero hubo un par de cl\u00e1usulas del contrato que nos puso el representante y nosotros no est\u00e1bamos de acuerdo&#8221;<\/strong>. Adem\u00e1s a\u00f1adi\u00f3 que por Leandro Caruso hay un inter\u00e9s por parte de Independiente pero que no est\u00e1 siguiendo la negociaci\u00f3n.<\/p>\n<p><strong>\u201cLa gente que no pudo ir al estadio desde el \u00faltimo partido se va a encontrar con cambios bastante importante, estuvimos trabajando mucho durante el receso. Van a ver la prolongaci\u00f3n de la Tribuna Sande (ex Cordero Alta), con todas las vigas y si todo marcha bien las gradas colocadas, ya est\u00e1 en gran parte terminada. Lo que es la vieja Tribuna Sande (ex Cordero Alta) la hemos pintado del mismo color que los otros sectores y es el que va a quedar. Se estuvo trabajando de forma intensa en lo que es la Garganta N \u00ba4, el Primer y Segundo Piso ya est\u00e1 listo y ah\u00ed se van a ubicar en este partido los dirigentes y allegados del Inter. Se hizo un pasadizo por debajo de la tribuna desde el vestuario visitante hacia la Garganta 4 para que no haya inconvenientes con la gente que nos visita y est\u00e9n ubicados ah\u00ed. Se est\u00e1 terminando lo que ser\u00eda el techo y la semana que viene ya va a estar lista. Se hizo un trabajo muy fuerte en la zona de los Palcos Bochini y se pinto el interior de los Palcos Erico y todo lo que es el exterior del Sector Erico. Tambi\u00e9n se estuvieron haciendo trabajos en el terreno de juego y se est\u00e1n colocando los blindex en el Sector de Damas y Vitalicios. En cada entrada se colocaron carteles que nos otorg\u00f3 la gente de Multiled y se estuvieron haciendo trabajos en la iluminaci\u00f3n. En cuanto a la Pantalla Gigante, va a estar ubicada en la Garganta N \u00ba3, que est\u00e1 sin terminar, y esperamos tenerla lista para este partido, creo que lo vamos a lograr\u201d<\/strong>, detall\u00f3 el encargado de la Subcomisi\u00f3n de Estadio.<\/p>\n<p>Para las elecciones de diciembre, el oficialismo todav\u00eda no tiene definido el trinomio que los va a representar, en el club se comenta que Hugo Barrueco volver\u00eda a ser Vicepresidente: <strong>&#8220;La realidad es que Julio conmigo no habl\u00f3 nada. Es un rumor que voy a ir como vicepresidente&#8221;<\/strong>, manifest\u00f3.<\/p>\n<p><strong>Escucha el audio completo ac\u00e1:<\/strong><\/p>\n<p><object id=\"divplaylist\" width=\"335\" height=\"28\" classid=\"clsid:d27cdb6e-ae6d-11cf-96b8-444553540000\" codebase=\"http:\/\/fpdownload.macromedia.com\/pub\/shockwave\/cabs\/flash\/swflash.cab#version=8,0,0,0\"><param name=\"movie\" value=\"http:\/\/www.divshare.com\/flash\/playlist?myId=15484101-db8\" \/><embed src=\"http:\/\/www.divshare.com\/flash\/playlist?myId=15484101-db8\" width=\"335\" height=\"28\" name=\"divplaylist\" type=\"application\/x-shockwave-flash\" pluginspage=\"http:\/\/www.macromedia.com\/go\/getflashplayer\"><\/embed><\/object><\/p>\n","protected":false},"excerpt":{"rendered":"<p>El Vicepresidente 2do de Independiente Hugo Barrueco habl\u00f3 en LocoxelRojo Radio sobre la frustraci\u00f3n de la Suruga Bank en Jap\u00f3n, el pase ca\u00eddo de Ernesto Far\u00edas y cont\u00f3 todos los detalles sobre las obras en el Libertadores de Am\u00e9rica. &#8220;Tenemos revancha por el partido en Jap\u00f3n en dos d\u00edas&#8221;, adelant\u00f3 sobre sus expectativas para el [&hellip;]<\/p>\n","protected":false},"author":1,"featured_media":0,"comment_status":"open","ping_status":"open","sticky":false,"template":"","format":"standard","meta":{"_links_to":"","_links_to_target":""},"categories":[355,3,4,17,1],"tags":[153,3271,946,247,67,33,316,3268],"_links":{"self":[{"href":"https:\/\/www.locoxelrojo.com\/independiente\/wp-json\/wp\/v2\/posts\/10089"}],"collection":[{"href":"https:\/\/www.locoxelrojo.com\/independiente\/wp-json\/wp\/v2\/posts"}],"about":[{"href":"https:\/\/www.locoxelrojo.com\/independiente\/wp-json\/wp\/v2\/types\/post"}],"author":[{"embeddable":true,"href":"https:\/\/www.locoxelrojo.com\/independiente\/wp-json\/wp\/v2\/users\/1"}],"replies":[{"embeddable":true,"href":"https:\/\/www.locoxelrojo.com\/independiente\/wp-json\/wp\/v2\/comments?post=10089"}],"version-history":[{"count":0,"href":"https:\/\/www.locoxelrojo.com\/independiente\/wp-json\/wp\/v2\/posts\/10089\/revisions"}],"wp:attachment":[{"href":"https:\/\/www.locoxelrojo.com\/independiente\/wp-json\/wp\/v2\/media?parent=10089"}],"wp:term":[{"taxonomy":"category","embeddable":true,"href":"https:\/\/www.locoxelrojo.com\/independiente\/wp-json\/wp\/v2\/categories?post=10089"},{"taxonomy":"post_tag","embeddable":true,"href":"https:\/\/www.locoxelrojo.com\/independiente\/wp-json\/wp\/v2\/tags?post=10089"}],"curies":[{"name":"wp","href":"https:\/\/api.w.org\/{rel}","templated":true}]}}