{"id":100973,"date":"2021-10-27T11:54:23","date_gmt":"2021-10-27T14:54:23","guid":{"rendered":"https:\/\/www.locoxelrojo.com\/independiente\/?p=100973"},"modified":"2021-10-27T11:54:23","modified_gmt":"2021-10-27T14:54:23","slug":"mancuello-quiere-su-tercer-ciclo-en-el-rojo","status":"publish","type":"post","link":"https:\/\/www.locoxelrojo.com\/independiente\/2021\/10\/27\/mancuello-quiere-su-tercer-ciclo-en-el-rojo\/","title":{"rendered":"Mancuello quiere su tercer ciclo en el Rojo"},"content":{"rendered":"<p><strong>Federico Mancuello<\/strong> es uno de los jugadores m\u00e1s destacados que tiene V\u00e9lez Sarsfield en el campeonato y manifest\u00f3 sus ganas de retornar a <strong>Independiente<\/strong>, el club de sus amores que hace poco le cerr\u00f3 las puertas.<\/p>\n<p>El mediocampista de 32 a\u00f1os que viene de marcarle un golazo a Boca en la \u00faltima jornada de la Liga Profesional pas\u00f3 por el Reto de los 90 segundos con Ezzequiel, el youtuber reconocido por este segmento.<\/p>\n<p>A lo largo de un minuto y medio Mancu hizo menci\u00f3n a su pasado rojo. Reconoci\u00f3 que su \u00eddolo de chico y el mejor jugador con el que jug\u00f3 es <strong>Federico Ins\u00faa<\/strong>, que al futbolista que m\u00e1s pute\u00f3 fue a <strong>Jes\u00fas M\u00e9ndez<\/strong> y que <strong>Jorge Almir\u00f3n<\/strong> fue su mejor t\u00e9cnico.<\/p>\n<p><strong>Sin embargo cuando le consultaron si volver\u00eda al Rey de Copas no dud\u00f3: &#8220;S\u00ed&#8221;<\/strong>, respondi\u00f3. A lo que <strong>le repregunt\u00f3 si esa chance la ve factible a corto plazo. Tampoco titube\u00f3: &#8220;S\u00ed&#8221;<\/strong>, arremeti\u00f3.<\/p>\n<p><a href=\"https:\/\/www.locoxelrojo.com\/independiente\/2021\/10\/26\/el-asesor\/\">Con la posible llegada de Daniel Montenegro como asesor futbol\u00edstico<\/a>, excompa\u00f1ero suyo y <strong>&#8220;su mejor socio&#8221;<\/strong>, como \u00e9l lo reconoci\u00f3 en dicho reto, las posibilidades aumentan. A Mancu se le termina el v\u00ednculo con el Fort\u00edn a fin de a\u00f1o y<strong> se podr\u00eda dar su tercer ciclo en el club de sus amores luego de la etapa 2008-2015 con el pr\u00e9stamo a Belgrano en el medio<\/strong>. \u00bfTe gustar\u00eda?<\/p>\n<p><iframe loading=\"lazy\" title=\"YouTube video player\" src=\"https:\/\/www.youtube.com\/embed\/KNOeOs6z9Ps\" width=\"560\" height=\"315\" frameborder=\"0\" allowfullscreen=\"allowfullscreen\"><\/iframe><\/p>\n<p><iframe loading=\"lazy\" title=\"YouTube video player\" src=\"https:\/\/www.youtube.com\/embed\/Hn8vYK1SzE8\" width=\"560\" height=\"315\" frameborder=\"0\" allowfullscreen=\"allowfullscreen\"><\/iframe><\/p>\n","protected":false},"excerpt":{"rendered":"<p>Federico Mancuello es uno de los jugadores m\u00e1s destacados que tiene V\u00e9lez Sarsfield en el campeonato y manifest\u00f3 sus ganas de retornar a Independiente, el club de sus amores que hace poco le cerr\u00f3 las puertas. El mediocampista de 32 a\u00f1os que viene de marcarle un golazo a Boca en la \u00faltima jornada de la [&hellip;]<\/p>\n","protected":false},"author":19,"featured_media":100974,"comment_status":"open","ping_status":"closed","sticky":false,"template":"","format":"standard","meta":{"_links_to":"","_links_to_target":""},"categories":[3247,3],"tags":[153,1859,701,48,2722],"_links":{"self":[{"href":"https:\/\/www.locoxelrojo.com\/independiente\/wp-json\/wp\/v2\/posts\/100973"}],"collection":[{"href":"https:\/\/www.locoxelrojo.com\/independiente\/wp-json\/wp\/v2\/posts"}],"about":[{"href":"https:\/\/www.locoxelrojo.com\/independiente\/wp-json\/wp\/v2\/types\/post"}],"author":[{"embeddable":true,"href":"https:\/\/www.locoxelrojo.com\/independiente\/wp-json\/wp\/v2\/users\/19"}],"replies":[{"embeddable":true,"href":"https:\/\/www.locoxelrojo.com\/independiente\/wp-json\/wp\/v2\/comments?post=100973"}],"version-history":[{"count":1,"href":"https:\/\/www.locoxelrojo.com\/independiente\/wp-json\/wp\/v2\/posts\/100973\/revisions"}],"predecessor-version":[{"id":100975,"href":"https:\/\/www.locoxelrojo.com\/independiente\/wp-json\/wp\/v2\/posts\/100973\/revisions\/100975"}],"wp:featuredmedia":[{"embeddable":true,"href":"https:\/\/www.locoxelrojo.com\/independiente\/wp-json\/wp\/v2\/media\/100974"}],"wp:attachment":[{"href":"https:\/\/www.locoxelrojo.com\/independiente\/wp-json\/wp\/v2\/media?parent=100973"}],"wp:term":[{"taxonomy":"category","embeddable":true,"href":"https:\/\/www.locoxelrojo.com\/independiente\/wp-json\/wp\/v2\/categories?post=100973"},{"taxonomy":"post_tag","embeddable":true,"href":"https:\/\/www.locoxelrojo.com\/independiente\/wp-json\/wp\/v2\/tags?post=100973"}],"curies":[{"name":"wp","href":"https:\/\/api.w.org\/{rel}","templated":true}]}}