{"id":101014,"date":"2021-10-28T21:05:34","date_gmt":"2021-10-29T00:05:34","guid":{"rendered":"https:\/\/www.locoxelrojo.com\/independiente\/?p=101014"},"modified":"2021-10-29T00:15:15","modified_gmt":"2021-10-29T03:15:15","slug":"para-ayrton-costa-renovacion","status":"publish","type":"post","link":"https:\/\/www.locoxelrojo.com\/independiente\/2021\/10\/28\/para-ayrton-costa-renovacion\/","title":{"rendered":"Para Ayrton Costa, renovaci\u00f3n"},"content":{"rendered":"<p><strong>Ayrton Costa, uno de los juveniles que se entrena con el plantel de Primera, renov\u00f3 su contrato con Independiente este jueves.<\/strong><\/p>\n<p>El defensor de 22 a\u00f1os es muy tenido en cuenta por el t\u00e9cnico Julio C\u00e9sar Falcioni, que varias veces tuvo que recurrir a \u00e9l ante la lesi\u00f3n de alg\u00fan jugador en la \u00faltima l\u00ednea del equipo. <strong>Fue rueda de auxilio como marcador central y tambi\u00e9n tuvo que ingeni\u00e1rselas como lateral izquierdo<\/strong>.<\/p>\n<p>En una tarde donde varios chicos extendieron su v\u00ednculo con el club, Costa tambi\u00e9n puso el gancho. En compa\u00f1\u00eda del presidente Hugo Moyano, estamp\u00f3 la firma y<strong> renov\u00f3 hasta el 31 de diciembre de 2023<\/strong>.<\/p>\n<p>Desde que Lucas Pusineri lo hizo debutar ante Defensa y Justicia a fines de 2020, Ayrton estuvo en cancha en apenas <strong>17 partidos -15 como titular- y le marc\u00f3 un gol a V\u00e9lez<\/strong> en este campeonato.<\/p>\n<p><iframe loading=\"lazy\" title=\"YouTube video player\" src=\"https:\/\/www.youtube.com\/embed\/go0YPIMzglo\" width=\"560\" height=\"315\" frameborder=\"0\" allowfullscreen=\"allowfullscreen\"><\/iframe><\/p>\n","protected":false},"excerpt":{"rendered":"<p>Ayrton Costa, uno de los juveniles que se entrena con el plantel de Primera, renov\u00f3 su contrato con Independiente este jueves. El defensor de 22 a\u00f1os es muy tenido en cuenta por el t\u00e9cnico Julio C\u00e9sar Falcioni, que varias veces tuvo que recurrir a \u00e9l ante la lesi\u00f3n de alg\u00fan jugador en la \u00faltima l\u00ednea [&hellip;]<\/p>\n","protected":false},"author":8,"featured_media":101015,"comment_status":"open","ping_status":"closed","sticky":false,"template":"","format":"standard","meta":{"_links_to":"","_links_to_target":""},"categories":[3247,3],"tags":[4687,153],"_links":{"self":[{"href":"https:\/\/www.locoxelrojo.com\/independiente\/wp-json\/wp\/v2\/posts\/101014"}],"collection":[{"href":"https:\/\/www.locoxelrojo.com\/independiente\/wp-json\/wp\/v2\/posts"}],"about":[{"href":"https:\/\/www.locoxelrojo.com\/independiente\/wp-json\/wp\/v2\/types\/post"}],"author":[{"embeddable":true,"href":"https:\/\/www.locoxelrojo.com\/independiente\/wp-json\/wp\/v2\/users\/8"}],"replies":[{"embeddable":true,"href":"https:\/\/www.locoxelrojo.com\/independiente\/wp-json\/wp\/v2\/comments?post=101014"}],"version-history":[{"count":1,"href":"https:\/\/www.locoxelrojo.com\/independiente\/wp-json\/wp\/v2\/posts\/101014\/revisions"}],"predecessor-version":[{"id":101016,"href":"https:\/\/www.locoxelrojo.com\/independiente\/wp-json\/wp\/v2\/posts\/101014\/revisions\/101016"}],"wp:featuredmedia":[{"embeddable":true,"href":"https:\/\/www.locoxelrojo.com\/independiente\/wp-json\/wp\/v2\/media\/101015"}],"wp:attachment":[{"href":"https:\/\/www.locoxelrojo.com\/independiente\/wp-json\/wp\/v2\/media?parent=101014"}],"wp:term":[{"taxonomy":"category","embeddable":true,"href":"https:\/\/www.locoxelrojo.com\/independiente\/wp-json\/wp\/v2\/categories?post=101014"},{"taxonomy":"post_tag","embeddable":true,"href":"https:\/\/www.locoxelrojo.com\/independiente\/wp-json\/wp\/v2\/tags?post=101014"}],"curies":[{"name":"wp","href":"https:\/\/api.w.org\/{rel}","templated":true}]}}