{"id":101429,"date":"2021-11-18T14:43:47","date_gmt":"2021-11-18T17:43:47","guid":{"rendered":"https:\/\/www.locoxelrojo.com\/independiente\/?p=101429"},"modified":"2021-11-18T14:43:47","modified_gmt":"2021-11-18T17:43:47","slug":"una-duda-y-tres-reemplazantes","status":"publish","type":"post","link":"https:\/\/www.locoxelrojo.com\/independiente\/2021\/11\/18\/una-duda-y-tres-reemplazantes\/","title":{"rendered":"Una duda y tres reemplazantes"},"content":{"rendered":"<p><strong>Julio Falcioni<\/strong> tendr\u00e1 por delante dos d\u00edas para terminar de definir c\u00f3mo reorganizar el mediocampo debido a una eventual baja de uno de los futbolistas que mejor jug\u00f3 ante Arsenal la \u00faltima fecha.<\/p>\n<p><strong>Se trata de Alan So\u00f1ora, el zurdo que padece una molestia en su posterior<\/strong>. Si bien el Emperador lo esperar\u00e1 hasta el final, ya comienza a tantear posibles soluciones frente al problema que se le plantea.<\/p>\n<p><strong>De acuerdo al rodaje en Primera, quien corre con m\u00e1s oportunidades es Lucas Gonz\u00e1lez<\/strong>. Su ingreso implicar\u00eda sumar un jugador m\u00e1s al medio y formar el tri\u00e1ngulo junto con Lucas Romero y Domingo Blanco. Sin embargo hay otras dos opciones m\u00e1s.<\/p>\n<p><strong>Braian Mart\u00ednez es una de ellas<\/strong>. El Chaco ya jug\u00f3 como titular en este torneo, el DT lo prob\u00f3 en los entrenamientos y su ingreso podr\u00eda volcar a Andr\u00e9s Roa o Alan Velasco detr\u00e1s de Silvio Romero.<\/p>\n<p><strong>Mientras que la \u00faltima alternativa es Tom\u00e1s Pozzo<\/strong>, la gran aparici\u00f3n del Rojo en las \u00faltimas fechas. Sus buenos rendimientos en los minutos que le toc\u00f3 jugar son argumentos suficientes para que Falcioni no modifique esquema, haga pieza por pieza y mande al juvenil como titular en Santiago del Estero. <strong>\u00bfPor qui\u00e9n se inclinar\u00e1 el t\u00e9cnico para el s\u00e1bado?<\/strong><\/p>\n","protected":false},"excerpt":{"rendered":"<p>Julio Falcioni tendr\u00e1 por delante dos d\u00edas para terminar de definir c\u00f3mo reorganizar el mediocampo debido a una eventual baja de uno de los futbolistas que mejor jug\u00f3 ante Arsenal la \u00faltima fecha. Se trata de Alan So\u00f1ora, el zurdo que padece una molestia en su posterior. Si bien el Emperador lo esperar\u00e1 hasta el [&hellip;]<\/p>\n","protected":false},"author":19,"featured_media":100982,"comment_status":"open","ping_status":"closed","sticky":false,"template":"","format":"standard","meta":{"_links_to":"","_links_to_target":""},"categories":[3247,3],"tags":[4121,4452,153,4179,4255],"_links":{"self":[{"href":"https:\/\/www.locoxelrojo.com\/independiente\/wp-json\/wp\/v2\/posts\/101429"}],"collection":[{"href":"https:\/\/www.locoxelrojo.com\/independiente\/wp-json\/wp\/v2\/posts"}],"about":[{"href":"https:\/\/www.locoxelrojo.com\/independiente\/wp-json\/wp\/v2\/types\/post"}],"author":[{"embeddable":true,"href":"https:\/\/www.locoxelrojo.com\/independiente\/wp-json\/wp\/v2\/users\/19"}],"replies":[{"embeddable":true,"href":"https:\/\/www.locoxelrojo.com\/independiente\/wp-json\/wp\/v2\/comments?post=101429"}],"version-history":[{"count":1,"href":"https:\/\/www.locoxelrojo.com\/independiente\/wp-json\/wp\/v2\/posts\/101429\/revisions"}],"predecessor-version":[{"id":101430,"href":"https:\/\/www.locoxelrojo.com\/independiente\/wp-json\/wp\/v2\/posts\/101429\/revisions\/101430"}],"wp:featuredmedia":[{"embeddable":true,"href":"https:\/\/www.locoxelrojo.com\/independiente\/wp-json\/wp\/v2\/media\/100982"}],"wp:attachment":[{"href":"https:\/\/www.locoxelrojo.com\/independiente\/wp-json\/wp\/v2\/media?parent=101429"}],"wp:term":[{"taxonomy":"category","embeddable":true,"href":"https:\/\/www.locoxelrojo.com\/independiente\/wp-json\/wp\/v2\/categories?post=101429"},{"taxonomy":"post_tag","embeddable":true,"href":"https:\/\/www.locoxelrojo.com\/independiente\/wp-json\/wp\/v2\/tags?post=101429"}],"curies":[{"name":"wp","href":"https:\/\/api.w.org\/{rel}","templated":true}]}}