{"id":101453,"date":"2021-11-19T12:06:32","date_gmt":"2021-11-19T15:06:32","guid":{"rendered":"https:\/\/www.locoxelrojo.com\/independiente\/?p=101453"},"modified":"2021-11-19T15:48:46","modified_gmt":"2021-11-19T18:48:46","slug":"concentrados-vs-central-cordoba-no-viaja-sonora","status":"publish","type":"post","link":"https:\/\/www.locoxelrojo.com\/independiente\/2021\/11\/19\/concentrados-vs-central-cordoba-no-viaja-sonora\/","title":{"rendered":"Concentrados vs. Central C\u00f3rdoba: no viaja So\u00f1ora"},"content":{"rendered":"<p>Luego del entrenamiento de este viernes en Villa Dom\u00ednico, <strong>Julio Falcioni<\/strong>, entrenador de <strong>Independiente<\/strong>, confirm\u00f3 los citados para el duelo de este s\u00e1bado ante Central C\u00f3rdoba en Santiago del Estero.<\/p>\n<p><strong>La novedad m\u00e1s destacada pasa por la ausencia de Alan So\u00f1ora<\/strong>, que si bien el club lo confirm\u00f3 como citado, <strong>el futbolista no viaj\u00f3<\/strong>. El mediocampista surgido de la cantera roja present\u00f3 en la semana <strong>una molestia en el posterior<\/strong> y por eso se perder\u00e1 el encuentro.<\/p>\n<p>Otro aspecto a destacar es la cantidad de defensores que lleva el Emperador. En total son 10 y <strong>resaltan los ingresos de Lucas Rodr\u00edguez<\/strong> -recuperado de su lesi\u00f3n-, <strong>Mauro Zurita, Patricio Ostachuk y Ayrton Costa<\/strong>. <strong>Quien sale es el desgarrado Gonzalo As\u00eds<\/strong>.<\/p>\n<p>En tanto que de mitad de cancha para adelante <strong>regresa Braian Mart\u00ednez<\/strong> luego de la molestia que lo margin\u00f3 del \u00faltimo juego contra los del Viaducto <strong>y sale Juan Rom\u00e1n Zarza<\/strong>.<\/p>\n<h4>Los 25 concentrados contra el Ferroviario:<\/h4>\n<p><span style=\"text-decoration: underline;\"><strong>Arqueros:<\/strong><\/span> Sebasti\u00e1n Sosa, Milton \u00c1lvarez.<\/p>\n<p><span style=\"text-decoration: underline;\"><strong>Defensores:<\/strong><\/span> Joaqu\u00edn Laso, Thomas Ortega, Lucas Rodr\u00edguez, Ezequiel Mu\u00f1oz, Fabricio Bustos, Sergio Barreto, Mauro Zurita, Patricio Ostachuk, Ayrton Costa y Juan Insaurralde.<\/p>\n<p><span style=\"text-decoration: underline;\"><strong>Mediocampistas:<\/strong><\/span> Andr\u00e9s Roa, Gast\u00f3n Togni, Lucas Gonz\u00e1lez, Carlos Benav\u00eddez, Domingo Blanco, Lucas Romero y Tom\u00e1s Pozzo.<\/p>\n<p><span style=\"text-decoration: underline;\"><strong>Delanteros:<\/strong><\/span> Jonathan Herrera, Alan Velasco, Silvio Romero, Rodrigo M\u00e1rquez, Braian Mart\u00ednez y David Sayago.<\/p>\n","protected":false},"excerpt":{"rendered":"<p>Luego del entrenamiento de este viernes en Villa Dom\u00ednico, Julio Falcioni, entrenador de Independiente, confirm\u00f3 los citados para el duelo de este s\u00e1bado ante Central C\u00f3rdoba en Santiago del Estero. La novedad m\u00e1s destacada pasa por la ausencia de Alan So\u00f1ora, que si bien el club lo confirm\u00f3 como citado, el futbolista no viaj\u00f3. El [&hellip;]<\/p>\n","protected":false},"author":19,"featured_media":101457,"comment_status":"open","ping_status":"closed","sticky":false,"template":"","format":"standard","meta":{"_links_to":"","_links_to_target":""},"categories":[3247,3],"tags":[4121,4687,4452,4696,153,3374,4246,4900,4647,4234,4739],"_links":{"self":[{"href":"https:\/\/www.locoxelrojo.com\/independiente\/wp-json\/wp\/v2\/posts\/101453"}],"collection":[{"href":"https:\/\/www.locoxelrojo.com\/independiente\/wp-json\/wp\/v2\/posts"}],"about":[{"href":"https:\/\/www.locoxelrojo.com\/independiente\/wp-json\/wp\/v2\/types\/post"}],"author":[{"embeddable":true,"href":"https:\/\/www.locoxelrojo.com\/independiente\/wp-json\/wp\/v2\/users\/19"}],"replies":[{"embeddable":true,"href":"https:\/\/www.locoxelrojo.com\/independiente\/wp-json\/wp\/v2\/comments?post=101453"}],"version-history":[{"count":1,"href":"https:\/\/www.locoxelrojo.com\/independiente\/wp-json\/wp\/v2\/posts\/101453\/revisions"}],"predecessor-version":[{"id":101458,"href":"https:\/\/www.locoxelrojo.com\/independiente\/wp-json\/wp\/v2\/posts\/101453\/revisions\/101458"}],"wp:featuredmedia":[{"embeddable":true,"href":"https:\/\/www.locoxelrojo.com\/independiente\/wp-json\/wp\/v2\/media\/101457"}],"wp:attachment":[{"href":"https:\/\/www.locoxelrojo.com\/independiente\/wp-json\/wp\/v2\/media?parent=101453"}],"wp:term":[{"taxonomy":"category","embeddable":true,"href":"https:\/\/www.locoxelrojo.com\/independiente\/wp-json\/wp\/v2\/categories?post=101453"},{"taxonomy":"post_tag","embeddable":true,"href":"https:\/\/www.locoxelrojo.com\/independiente\/wp-json\/wp\/v2\/tags?post=101453"}],"curies":[{"name":"wp","href":"https:\/\/api.w.org\/{rel}","templated":true}]}}