{"id":101523,"date":"2021-11-20T23:38:57","date_gmt":"2021-11-21T02:38:57","guid":{"rendered":"https:\/\/www.locoxelrojo.com\/independiente\/?p=101523"},"modified":"2021-11-21T13:31:27","modified_gmt":"2021-11-21T16:31:27","slug":"s-romero-perdimos-porque-jugamos-mal-y-siempre-nos-perjudican","status":"publish","type":"post","link":"https:\/\/www.locoxelrojo.com\/independiente\/2021\/11\/20\/s-romero-perdimos-porque-jugamos-mal-y-siempre-nos-perjudican\/","title":{"rendered":"S. Romero: &#8220;Perdimos porque jugamos mal y siempre nos perjudican&#8221;"},"content":{"rendered":"<p><a href=\"https:\/\/www.locoxelrojo.com\/independiente\/2021\/11\/20\/otra-derrota-preocupante\/\">Luego de la preocupante derrota de Independiente en Santiago del Estero frente a Central C\u00f3rdoba<\/a>, <strong>Silvio Romero<\/strong> dej\u00f3 una frase que pinta la actualidad de los dirigidos por Julio C\u00e9sar Falcioni.<\/p>\n<p>Hace muchas fechas que el Rojo no demuestra el nivel que supo llevarlo hasta lo m\u00e1s alto de la tabla en las primeras jornadas. Tampoco parece tener registros de los buenos pasajes de f\u00fatbol que mostr\u00f3 en partidos complejos como ante Col\u00f3n, River y V\u00e9lez. Todo parece haber quedado en el olvido y el capit\u00e1n no est\u00e1 exento de ello.<\/p>\n<p>Es por eso que una vez que finaliz\u00f3 el encuentro, en TyC Sports le consultaron sobre el balance de los 90 minutos en el Estadio Madre de Ciudades. <strong>&#8220;Perdimos porque jugamos mal. Y si a eso le sum\u00e1s que siempre nos perjudican, peor&#8221;<\/strong>, contest\u00f3 el Chino con un dejo de ira.<\/p>\n<p><strong>La bronca del delantero de 33 a\u00f1os se ve potenciada por <a href=\"https:\/\/www.locoxelrojo.com\/independiente\/2021\/11\/20\/las-decisiones-de-echenique-que-perjudicaron-a-independiente\/\">el gol mal anulado por Fernando Echenique a instancias de Iv\u00e1n N\u00fa\u00f1ez, asistente 2<\/a><\/strong>. Para colmo no tuvo un gran partido, como el resto del equipo y no solo parece lejana la clasificaci\u00f3n a la Copa Libertadores del a\u00f1o que viene sino que tambi\u00e9n lo est\u00e1 la participaci\u00f3n en la Sudamericana 2022.<\/p>\n","protected":false},"excerpt":{"rendered":"<p>Luego de la preocupante derrota de Independiente en Santiago del Estero frente a Central C\u00f3rdoba, Silvio Romero dej\u00f3 una frase que pinta la actualidad de los dirigidos por Julio C\u00e9sar Falcioni. Hace muchas fechas que el Rojo no demuestra el nivel que supo llevarlo hasta lo m\u00e1s alto de la tabla en las primeras jornadas. [&hellip;]<\/p>\n","protected":false},"author":19,"featured_media":101524,"comment_status":"open","ping_status":"closed","sticky":false,"template":"","format":"standard","meta":{"_links_to":"","_links_to_target":""},"categories":[3247,3],"tags":[4497,153,4931,1806],"_links":{"self":[{"href":"https:\/\/www.locoxelrojo.com\/independiente\/wp-json\/wp\/v2\/posts\/101523"}],"collection":[{"href":"https:\/\/www.locoxelrojo.com\/independiente\/wp-json\/wp\/v2\/posts"}],"about":[{"href":"https:\/\/www.locoxelrojo.com\/independiente\/wp-json\/wp\/v2\/types\/post"}],"author":[{"embeddable":true,"href":"https:\/\/www.locoxelrojo.com\/independiente\/wp-json\/wp\/v2\/users\/19"}],"replies":[{"embeddable":true,"href":"https:\/\/www.locoxelrojo.com\/independiente\/wp-json\/wp\/v2\/comments?post=101523"}],"version-history":[{"count":1,"href":"https:\/\/www.locoxelrojo.com\/independiente\/wp-json\/wp\/v2\/posts\/101523\/revisions"}],"predecessor-version":[{"id":101525,"href":"https:\/\/www.locoxelrojo.com\/independiente\/wp-json\/wp\/v2\/posts\/101523\/revisions\/101525"}],"wp:featuredmedia":[{"embeddable":true,"href":"https:\/\/www.locoxelrojo.com\/independiente\/wp-json\/wp\/v2\/media\/101524"}],"wp:attachment":[{"href":"https:\/\/www.locoxelrojo.com\/independiente\/wp-json\/wp\/v2\/media?parent=101523"}],"wp:term":[{"taxonomy":"category","embeddable":true,"href":"https:\/\/www.locoxelrojo.com\/independiente\/wp-json\/wp\/v2\/categories?post=101523"},{"taxonomy":"post_tag","embeddable":true,"href":"https:\/\/www.locoxelrojo.com\/independiente\/wp-json\/wp\/v2\/tags?post=101523"}],"curies":[{"name":"wp","href":"https:\/\/api.w.org\/{rel}","templated":true}]}}