{"id":101569,"date":"2021-11-23T09:49:04","date_gmt":"2021-11-23T12:49:04","guid":{"rendered":"https:\/\/www.locoxelrojo.com\/independiente\/?p=101569"},"modified":"2021-11-23T19:52:21","modified_gmt":"2021-11-23T22:52:21","slug":"concentrados-vs-boca-varias-bajas-y-un-regreso","status":"publish","type":"post","link":"https:\/\/www.locoxelrojo.com\/independiente\/2021\/11\/23\/concentrados-vs-boca-varias-bajas-y-un-regreso\/","title":{"rendered":"Concentrados vs. Boca: varias bajas y un regreso"},"content":{"rendered":"<p><strong>Julio C\u00e9sar Falcioni confirm\u00f3 la lista de concentrados para recibir a Boca. Convoc\u00f3 a 23 futbolistas.<\/strong><\/p>\n<p>La n\u00f3mina para enfrentar al Xeneize este mi\u00e9rcoles est\u00e1 llena de bajas. <strong>Nuevamente se lo perder\u00e1 Alan So\u00f1ora<\/strong>, quien se hab\u00eda quedado afuera del partido con Central C\u00f3rdoba a \u00faltimo momento por un desgarro y todav\u00eda no est\u00e1 recuperado. A \u00e9l se suma <a href=\"https:\/\/www.locoxelrojo.com\/independiente\/2021\/11\/20\/el-perro-se-pierde-el-clasico-con-boca\/\"><strong>Lucas Romero, suspendido por cinco amarillas<\/strong><\/a>.<\/p>\n<p>Por su parte, <strong>Lucas Rodr\u00edguez y Ayrton Costa no concentrar\u00e1n<\/strong> y sumar\u00e1n minutos en la Reserva del Rojo.<\/p>\n<p>Con este panorama, el entrenador decidi\u00f3 <strong>convocar a Juan Ignacio Pacchini<\/strong> para reforzar el mediocampo de Independiente.<\/p>\n<h4>Los 23 concentrados contra el Xeneize<\/h4>\n<p><strong>Arqueros:<\/strong> Sebasti\u00e1n Sosa y Milton \u00c1lvarez.<\/p>\n<p><strong>Defensores:<\/strong> Joaqu\u00edn Laso, Thomas Ortega, Ezequiel Mu\u00f1oz, Fabricio Bustos, Sergio Barreto, Mauro Zurita, Patricio Ostachuk y Juan Insaurralde.<\/p>\n<p><strong>Mediocampistas:<\/strong> Andr\u00e9s Roa, Gast\u00f3n Togni, Lucas Gonz\u00e1lez, Carlos Benav\u00eddez, Domingo Blanco, Juan Pacchini y Tom\u00e1s Pozzo.<\/p>\n<p><strong>Delanteros:<\/strong>\u00a0Jonathan Herrera, Alan Velasco, Silvio Romero, Rodrigo M\u00e1rquez, Braian Mart\u00ednez y David Sayago.<\/p>\n","protected":false},"excerpt":{"rendered":"<p>Julio C\u00e9sar Falcioni confirm\u00f3 la lista de concentrados para recibir a Boca. Convoc\u00f3 a 23 futbolistas. La n\u00f3mina para enfrentar al Xeneize este mi\u00e9rcoles est\u00e1 llena de bajas. Nuevamente se lo perder\u00e1 Alan So\u00f1ora, quien se hab\u00eda quedado afuera del partido con Central C\u00f3rdoba a \u00faltimo momento por un desgarro y todav\u00eda no est\u00e1 recuperado. [&hellip;]<\/p>\n","protected":false},"author":8,"featured_media":101030,"comment_status":"open","ping_status":"closed","sticky":false,"template":"","format":"standard","meta":{"_links_to":"","_links_to_target":""},"categories":[3247,3],"tags":[4121,4687,153,2024,2822,4825,4647],"_links":{"self":[{"href":"https:\/\/www.locoxelrojo.com\/independiente\/wp-json\/wp\/v2\/posts\/101569"}],"collection":[{"href":"https:\/\/www.locoxelrojo.com\/independiente\/wp-json\/wp\/v2\/posts"}],"about":[{"href":"https:\/\/www.locoxelrojo.com\/independiente\/wp-json\/wp\/v2\/types\/post"}],"author":[{"embeddable":true,"href":"https:\/\/www.locoxelrojo.com\/independiente\/wp-json\/wp\/v2\/users\/8"}],"replies":[{"embeddable":true,"href":"https:\/\/www.locoxelrojo.com\/independiente\/wp-json\/wp\/v2\/comments?post=101569"}],"version-history":[{"count":4,"href":"https:\/\/www.locoxelrojo.com\/independiente\/wp-json\/wp\/v2\/posts\/101569\/revisions"}],"predecessor-version":[{"id":101573,"href":"https:\/\/www.locoxelrojo.com\/independiente\/wp-json\/wp\/v2\/posts\/101569\/revisions\/101573"}],"wp:featuredmedia":[{"embeddable":true,"href":"https:\/\/www.locoxelrojo.com\/independiente\/wp-json\/wp\/v2\/media\/101030"}],"wp:attachment":[{"href":"https:\/\/www.locoxelrojo.com\/independiente\/wp-json\/wp\/v2\/media?parent=101569"}],"wp:term":[{"taxonomy":"category","embeddable":true,"href":"https:\/\/www.locoxelrojo.com\/independiente\/wp-json\/wp\/v2\/categories?post=101569"},{"taxonomy":"post_tag","embeddable":true,"href":"https:\/\/www.locoxelrojo.com\/independiente\/wp-json\/wp\/v2\/tags?post=101569"}],"curies":[{"name":"wp","href":"https:\/\/api.w.org\/{rel}","templated":true}]}}