{"id":101606,"date":"2021-11-24T21:30:57","date_gmt":"2021-11-25T00:30:57","guid":{"rendered":"https:\/\/www.locoxelrojo.com\/independiente\/?p=101606"},"modified":"2021-11-24T23:29:03","modified_gmt":"2021-11-25T02:29:03","slug":"benavidez-volvio-al-gol-despues-de-21-partidos","status":"publish","type":"post","link":"https:\/\/www.locoxelrojo.com\/independiente\/2021\/11\/24\/benavidez-volvio-al-gol-despues-de-21-partidos\/","title":{"rendered":"Benav\u00eddez volvi\u00f3 al gol despu\u00e9s de 21 partidos"},"content":{"rendered":"<p>En el encuentro de esta noche frente a Boca, correspondiente a la fecha 22 de la Liga Profesional, <strong>Carlos Benav\u00eddez<\/strong> volvi\u00f3 a convertir con la camiseta de <strong>Independiente y le dio el triunfo al Rey de Copas<\/strong>.<\/p>\n<p>El uruguayo se sac\u00f3 la mufa despu\u00e9s de m\u00e1s de tres a\u00f1os en los que en el medio debi\u00f3 reponerse a dos roturas de ligamentos y mucho padecimiento. <strong>Y lo hizo nada m\u00e1s ni nada menos que contra Boca, en la victoria 1-0<\/strong>.<\/p>\n<p><iframe loading=\"lazy\" title=\"YouTube video player\" src=\"https:\/\/www.youtube.com\/embed\/6J-x3IkhQOs\" width=\"560\" height=\"315\" frameborder=\"0\" allowfullscreen=\"allowfullscreen\"><\/iframe><\/p>\n<p><strong>Carlangas jug\u00f3 hoy su partido n\u00famero 22 para el Orgullo Nacional y sum\u00f3 su segundo grito en el club<\/strong>. Precisamente el primero hab\u00eda sido la noche que debut\u00f3 en Independiente, en la goleada 8-0 frente a Central Ballester por la Copa Argentina el 20 de julio de 2018.<\/p>\n<p><iframe loading=\"lazy\" title=\"YouTube video player\" src=\"https:\/\/www.youtube.com\/embed\/K5aVb5_Oy78\" width=\"560\" height=\"315\" frameborder=\"0\" allowfullscreen=\"allowfullscreen\"><\/iframe><\/p>\n<p><strong>Benav\u00eddez<\/strong>, que hab\u00eda vuelto a jugar contra Newell&#8217;s en octubre pasado despu\u00e9s de 10 meses, fue el \u00fanico cambio que hab\u00eda metido Julio Falcioni para el encuentro de esta noche y <strong>sum\u00f3 su cuarta presentaci\u00f3n en el torneo y la segunda como titular<\/strong>. \u00a1Gran regreso!<\/p>\n","protected":false},"excerpt":{"rendered":"<p>En el encuentro de esta noche frente a Boca, correspondiente a la fecha 22 de la Liga Profesional, Carlos Benav\u00eddez volvi\u00f3 a convertir con la camiseta de Independiente y le dio el triunfo al Rey de Copas. El uruguayo se sac\u00f3 la mufa despu\u00e9s de m\u00e1s de tres a\u00f1os en los que en el medio [&hellip;]<\/p>\n","protected":false},"author":19,"featured_media":101607,"comment_status":"open","ping_status":"closed","sticky":false,"template":"","format":"standard","meta":{"_links_to":"","_links_to_target":""},"categories":[1989,3247],"tags":[193,3758,153,1808],"_links":{"self":[{"href":"https:\/\/www.locoxelrojo.com\/independiente\/wp-json\/wp\/v2\/posts\/101606"}],"collection":[{"href":"https:\/\/www.locoxelrojo.com\/independiente\/wp-json\/wp\/v2\/posts"}],"about":[{"href":"https:\/\/www.locoxelrojo.com\/independiente\/wp-json\/wp\/v2\/types\/post"}],"author":[{"embeddable":true,"href":"https:\/\/www.locoxelrojo.com\/independiente\/wp-json\/wp\/v2\/users\/19"}],"replies":[{"embeddable":true,"href":"https:\/\/www.locoxelrojo.com\/independiente\/wp-json\/wp\/v2\/comments?post=101606"}],"version-history":[{"count":2,"href":"https:\/\/www.locoxelrojo.com\/independiente\/wp-json\/wp\/v2\/posts\/101606\/revisions"}],"predecessor-version":[{"id":101610,"href":"https:\/\/www.locoxelrojo.com\/independiente\/wp-json\/wp\/v2\/posts\/101606\/revisions\/101610"}],"wp:featuredmedia":[{"embeddable":true,"href":"https:\/\/www.locoxelrojo.com\/independiente\/wp-json\/wp\/v2\/media\/101607"}],"wp:attachment":[{"href":"https:\/\/www.locoxelrojo.com\/independiente\/wp-json\/wp\/v2\/media?parent=101606"}],"wp:term":[{"taxonomy":"category","embeddable":true,"href":"https:\/\/www.locoxelrojo.com\/independiente\/wp-json\/wp\/v2\/categories?post=101606"},{"taxonomy":"post_tag","embeddable":true,"href":"https:\/\/www.locoxelrojo.com\/independiente\/wp-json\/wp\/v2\/tags?post=101606"}],"curies":[{"name":"wp","href":"https:\/\/api.w.org\/{rel}","templated":true}]}}