{"id":101640,"date":"2021-11-24T22:35:32","date_gmt":"2021-11-25T01:35:32","guid":{"rendered":"https:\/\/www.locoxelrojo.com\/independiente\/?p=101640"},"modified":"2021-11-25T01:39:43","modified_gmt":"2021-11-25T04:39:43","slug":"sosa-vamos-por-la-clasificacion-a-la-libertadores","status":"publish","type":"post","link":"https:\/\/www.locoxelrojo.com\/independiente\/2021\/11\/24\/sosa-vamos-por-la-clasificacion-a-la-libertadores\/","title":{"rendered":"Sosa: &#8220;Vamos por la clasificaci\u00f3n a la Libertadores&#8221;"},"content":{"rendered":"<p><strong>Sebasti\u00e1n Sosa<\/strong>, una de las figuras en el triunfo de Independiente ante Boca, habl\u00f3 al finalizar el encuentro y<strong> le dio valor a victoria fundamental para el objetivo del plantel, clasificar a la Copa Libertadores del a\u00f1o que viene.<\/strong><\/p>\n<p><strong>&#8220;Merec\u00edamos el triunfo porque se trabaj\u00f3 mucho, la verdad que el marco y la gente acompa\u00f1aron, quer\u00edamos darle una gran alegr\u00eda y por suerte pudimos conseguir&#8221;<\/strong>, comenz\u00f3 diciendo el arquero del Rojo dedic\u00e1ndole el resultado a la gente.<\/p>\n<p>Sobre el tr\u00e1mite del cotejo, el uruguayo analiz\u00f3:<strong> &#8220;A partir del gol manejamos muy bien el partido, por ah\u00ed ellos se animaron un poco m\u00e1s, pero supimos controlar la diferencia. Es importante mantener el arco en cero, siempre es uno de los objetivos, con mucha entrega y sacrificio pudimos hacerlo&#8221;.<\/strong><\/p>\n<p>Al ser consultado por el entrenador del equipo, el 1 destac\u00f3 la labor del DT y la unidad del grupo: <strong>&#8220;Con Julio Falcioni estamos muy bien, tiene mucha experiencia manejando los planteles y nosotros tratamos de responderle de la mejor manera dentro de la cancha. A veces por los caminos indicados, otras veces no tanto, pero siempre dejando todo. No solo por el entrenador, sino por esta gran instituci\u00f3n que lo merece&#8221;.<\/strong><\/p>\n<p>Por su parte, expres\u00f3 su felicidad por el momento y el tanto de su compatriota, Carlos Benav\u00eddez: <strong>&#8220;Me pone muy contento, no solo por el gol sino porque impone mucha presencia en la mitad de la cancha. Lo vi en cada uno de sus d\u00edas atravesando una lesi\u00f3n muy dura y con el grupo tratamos de apoyarlo siempre&#8221;.<\/strong><\/p>\n<p>Por \u00faltimo, Sosa mir\u00f3 a la c\u00e1mara y le dej\u00f3 un claro mensaje para los hinchas del Rey de Copas: <strong>&#8220;Vamos todos juntos tras el objetivo: la clasificaci\u00f3n a la Copa Libertadores 2022&#8221;.<\/strong><\/p>\n<blockquote class=\"twitter-tweet\">\n<p dir=\"ltr\" lang=\"es\"><a href=\"https:\/\/twitter.com\/hashtag\/LPFxTNTsports?src=hash&amp;ref_src=twsrc%5Etfw\">#LPFxTNTsports<\/a> | Sebasti\u00e1n Sosa habl\u00f3 del car\u00e1cter del equipo despu\u00e9s del gol: \u201cSupimos mantener esa diferencia con mucha entrega, personalidad y sacrificio.\u201d <a href=\"https:\/\/t.co\/3mwPmLkj3z\">pic.twitter.com\/3mwPmLkj3z<\/a><\/p>\n<p>\u2014 TNT Sports Argentina (@TNTSportsAR) <a href=\"https:\/\/twitter.com\/TNTSportsAR\/status\/1463699925640826881?ref_src=twsrc%5Etfw\">November 25, 2021<\/a><\/p><\/blockquote>\n<p><script async src=\"https:\/\/platform.twitter.com\/widgets.js\" charset=\"utf-8\"><\/script><\/p>\n","protected":false},"excerpt":{"rendered":"<p>Sebasti\u00e1n Sosa, una de las figuras en el triunfo de Independiente ante Boca, habl\u00f3 al finalizar el encuentro y le dio valor a victoria fundamental para el objetivo del plantel, clasificar a la Copa Libertadores del a\u00f1o que viene. &#8220;Merec\u00edamos el triunfo porque se trabaj\u00f3 mucho, la verdad que el marco y la gente acompa\u00f1aron, [&hellip;]<\/p>\n","protected":false},"author":101029,"featured_media":101646,"comment_status":"open","ping_status":"closed","sticky":false,"template":"","format":"standard","meta":{"_links_to":"","_links_to_target":""},"categories":[3247,3],"tags":[193,153,4519,4931,4645],"_links":{"self":[{"href":"https:\/\/www.locoxelrojo.com\/independiente\/wp-json\/wp\/v2\/posts\/101640"}],"collection":[{"href":"https:\/\/www.locoxelrojo.com\/independiente\/wp-json\/wp\/v2\/posts"}],"about":[{"href":"https:\/\/www.locoxelrojo.com\/independiente\/wp-json\/wp\/v2\/types\/post"}],"author":[{"embeddable":true,"href":"https:\/\/www.locoxelrojo.com\/independiente\/wp-json\/wp\/v2\/users\/101029"}],"replies":[{"embeddable":true,"href":"https:\/\/www.locoxelrojo.com\/independiente\/wp-json\/wp\/v2\/comments?post=101640"}],"version-history":[{"count":2,"href":"https:\/\/www.locoxelrojo.com\/independiente\/wp-json\/wp\/v2\/posts\/101640\/revisions"}],"predecessor-version":[{"id":101644,"href":"https:\/\/www.locoxelrojo.com\/independiente\/wp-json\/wp\/v2\/posts\/101640\/revisions\/101644"}],"wp:featuredmedia":[{"embeddable":true,"href":"https:\/\/www.locoxelrojo.com\/independiente\/wp-json\/wp\/v2\/media\/101646"}],"wp:attachment":[{"href":"https:\/\/www.locoxelrojo.com\/independiente\/wp-json\/wp\/v2\/media?parent=101640"}],"wp:term":[{"taxonomy":"category","embeddable":true,"href":"https:\/\/www.locoxelrojo.com\/independiente\/wp-json\/wp\/v2\/categories?post=101640"},{"taxonomy":"post_tag","embeddable":true,"href":"https:\/\/www.locoxelrojo.com\/independiente\/wp-json\/wp\/v2\/tags?post=101640"}],"curies":[{"name":"wp","href":"https:\/\/api.w.org\/{rel}","templated":true}]}}