{"id":101724,"date":"2021-11-29T16:00:36","date_gmt":"2021-11-29T19:00:36","guid":{"rendered":"https:\/\/www.locoxelrojo.com\/independiente\/?p=101724"},"modified":"2021-11-29T20:50:27","modified_gmt":"2021-11-29T23:50:27","slug":"concentrados-vs-banfield-solo-vuelve-lucas-romero","status":"publish","type":"post","link":"https:\/\/www.locoxelrojo.com\/independiente\/2021\/11\/29\/concentrados-vs-banfield-solo-vuelve-lucas-romero\/","title":{"rendered":"Concentrados vs. Banfield: solo vuelve Lucas Romero"},"content":{"rendered":"<p>Julio C\u00e9sar Falcioni confirm\u00f3 la lista de los 24 futbolistas convocados para visitar a Banfield. <strong>Respecto de la \u00faltima n\u00f3mina se mantienen todos los nombres y se suma Lucas Romero<\/strong>.<\/p>\n<p>Luego de cumplir la suspensi\u00f3n por cinco amarillas que lo priv\u00f3 de jugar el cl\u00e1sico ante Boca, <strong>el Perro Romero vuelve a estar entre los jugadores disponibles<\/strong>. La duda pasar\u00e1 por definir si el DT lo vuelve a incluir entre los titulares tras el buen desempe\u00f1o de Carlos Benav\u00eddez.<\/p>\n<p>Por su parte, ni <strong>Alan So\u00f1ora<\/strong> ni <strong>Gonzalo As\u00eds<\/strong>, quienes contin\u00faan intensificando sus tareas de recuperaci\u00f3n, se perder\u00e1n la visita al Florencio Sola ante el Taladro.<\/p>\n<h5>Los 24 convocados<\/h5>\n<p><span style=\"text-decoration: underline;\"><strong>Arqueros:<\/strong><\/span> Sebasti\u00e1n Sosa y Milton \u00c1lvarez<\/p>\n<p><span style=\"text-decoration: underline;\"><strong>Defensores:<\/strong><\/span> Joaqu\u00edn Laso, Thomas Ortega, Ezequiel Mu\u00f1oz, Fabricio Bustos, Sergio Barreto, Mauro Zurita, Patricio Ostachuk y Juan Insaurralde.<\/p>\n<p><span style=\"text-decoration: underline;\"><strong>Mediocampistas:<\/strong><\/span> Andr\u00e9s Roa, Gast\u00f3n Togni, Lucas Gonz\u00e1lez, Carlos Benav\u00eddez, Domingo Blanco, Juan Pacchini, Lucas Romero y Tom\u00e1s Pozzo.<\/p>\n<p><span style=\"text-decoration: underline;\"><strong>Delanteros:<\/strong><\/span> Jonathan Herrera, Alan Velasco, Silvio Romero, Rodrigo M\u00e1rquez, Braian Mart\u00ednez y David Sayago.<\/p>\n","protected":false},"excerpt":{"rendered":"<p>Julio C\u00e9sar Falcioni confirm\u00f3 la lista de los 24 futbolistas convocados para visitar a Banfield. Respecto de la \u00faltima n\u00f3mina se mantienen todos los nombres y se suma Lucas Romero. Luego de cumplir la suspensi\u00f3n por cinco amarillas que lo priv\u00f3 de jugar el cl\u00e1sico ante Boca, el Perro Romero vuelve a estar entre los [&hellip;]<\/p>\n","protected":false},"author":101029,"featured_media":101725,"comment_status":"open","ping_status":"closed","sticky":false,"template":"","format":"standard","meta":{"_links_to":"","_links_to_target":""},"categories":[3247,3],"tags":[4121,677,153,2024,3374,4931,2768],"_links":{"self":[{"href":"https:\/\/www.locoxelrojo.com\/independiente\/wp-json\/wp\/v2\/posts\/101724"}],"collection":[{"href":"https:\/\/www.locoxelrojo.com\/independiente\/wp-json\/wp\/v2\/posts"}],"about":[{"href":"https:\/\/www.locoxelrojo.com\/independiente\/wp-json\/wp\/v2\/types\/post"}],"author":[{"embeddable":true,"href":"https:\/\/www.locoxelrojo.com\/independiente\/wp-json\/wp\/v2\/users\/101029"}],"replies":[{"embeddable":true,"href":"https:\/\/www.locoxelrojo.com\/independiente\/wp-json\/wp\/v2\/comments?post=101724"}],"version-history":[{"count":1,"href":"https:\/\/www.locoxelrojo.com\/independiente\/wp-json\/wp\/v2\/posts\/101724\/revisions"}],"predecessor-version":[{"id":101726,"href":"https:\/\/www.locoxelrojo.com\/independiente\/wp-json\/wp\/v2\/posts\/101724\/revisions\/101726"}],"wp:featuredmedia":[{"embeddable":true,"href":"https:\/\/www.locoxelrojo.com\/independiente\/wp-json\/wp\/v2\/media\/101725"}],"wp:attachment":[{"href":"https:\/\/www.locoxelrojo.com\/independiente\/wp-json\/wp\/v2\/media?parent=101724"}],"wp:term":[{"taxonomy":"category","embeddable":true,"href":"https:\/\/www.locoxelrojo.com\/independiente\/wp-json\/wp\/v2\/categories?post=101724"},{"taxonomy":"post_tag","embeddable":true,"href":"https:\/\/www.locoxelrojo.com\/independiente\/wp-json\/wp\/v2\/tags?post=101724"}],"curies":[{"name":"wp","href":"https:\/\/api.w.org\/{rel}","templated":true}]}}