{"id":101866,"date":"2021-12-04T22:11:16","date_gmt":"2021-12-05T01:11:16","guid":{"rendered":"https:\/\/www.locoxelrojo.com\/independiente\/?p=101866"},"modified":"2021-12-05T01:39:16","modified_gmt":"2021-12-05T04:39:16","slug":"lio-electoral","status":"publish","type":"post","link":"https:\/\/www.locoxelrojo.com\/independiente\/2021\/12\/04\/lio-electoral\/","title":{"rendered":"L\u00edo electoral"},"content":{"rendered":"<p><strong>La Junta Electoral decidi\u00f3 no aprobar a la Agrupaci\u00f3n Independiente Tradicional para participar de las elecciones.<\/strong> Si fueron aceptadas las otras dos listas: Agrupaci\u00f3n Independiente y Gente de Independiente.<\/p>\n<p>El frente opositor que estaba encabezado por Fabi\u00e1n Doman, N\u00e9stor Grindetti y Juan Marconi recibi\u00f3 la notificaci\u00f3n este s\u00e1bado por la tarde. <strong>La Junta Electoral le baj\u00f3 el pulgar por encontrar irregularidades tanto en el sello como en varios de sus integrantes.<\/strong><\/p>\n<p>\u00bfCu\u00e1les fueron los motivos? Si bien no se dieron a conocer p\u00fablicamente, <strong>hay observaci\u00f3n por falta de documentaci\u00f3n y no cumplir con los estatutos del club y los de la propia agrupaci\u00f3n.<\/strong> Adem\u00e1s, <strong>hay varios miembros de la lista que fueron mal incluidos o no cuentan con la documentaci\u00f3n necesaria.<\/strong><\/p>\n<blockquote class=\"twitter-tweet\" data-width=\"550\" data-dnt=\"true\">\n<p lang=\"pt\" dir=\"ltr\">Comunicado Oficial<\/p>\n<p>\u27a1\ufe0f<a href=\"https:\/\/t.co\/i4mkq9YHzZ\">https:\/\/t.co\/i4mkq9YHzZ<\/a><\/p>\n<p>&mdash; C. A. Independiente (@Independiente) <a href=\"https:\/\/twitter.com\/Independiente\/status\/1467310405286518785?ref_src=twsrc%5Etfw\">December 5, 2021<\/a><\/p><\/blockquote>\n<p><script async src=\"https:\/\/platform.twitter.com\/widgets.js\" charset=\"utf-8\"><\/script><\/p>\n<p>Hay que recordar que <strong>la Junta Electoral estaba compuesta por 5 miembros de Agrupaci\u00f3n Independiente y 1 de Lista Roja<\/strong>. Pero este \u00faltimo, <strong>Alejandro Vilari\u00f1o<\/strong>, para est\u00e1s elecciones <strong>aparece como representante de socios en la lista del oficialismo<\/strong>.<\/p>\n<p>Tras conocerse est\u00e1 noticia, la Agrupaci\u00f3n Independiente Tradicional env\u00edo un comunicado de prensa d\u00f3nde <a href=\"https:\/\/www.locoxelrojo.com\/independiente\/2021\/12\/04\/la-bronca-de-unidad-independiente-es-un-asalto-a-la-democracia\/\"><strong>acusa al oficialismo de proscripci\u00f3n y de tener miedo<\/strong><\/a>. Adem\u00e1s, <a href=\"https:\/\/www.locoxelrojo.com\/independiente\/2021\/12\/04\/doman-moyano-es-un-cobarde-se-jacta-de-tener-pelotas-y-nos-proscribe\/\">Doman explot\u00f3 de la bronca y tild\u00f3 a Hugo Moyano de <strong>&#8220;cobarde y no tener huevos&#8221;<\/strong><\/a>.<\/p>\n<p>Por su parte, por el lado de <strong><a href=\"https:\/\/www.locoxelrojo.com\/independiente\/2021\/12\/04\/fueron-habilitados-y-se-proclamaron-como-alternativa\/\">Gente de Independiente anunciaron la aprobaci\u00f3n y se proclamaron como la \u00fanica lista opositora<\/a><\/strong>. Sin embargo, <strong>ellos tambi\u00e9n recibieron observaciones de varios candidatos en la lista con irregularidades. <\/strong><\/p>\n<p>\u00bfY el oficialismo? <strong>La Agrupaci\u00f3n Independiente fue aceptada, pero con varios integrantes observados por no presentar los papeles correspondientes o no tener las cuotas al d\u00eda. <\/strong><\/p>\n<p>\u00bfQu\u00e9 pasar\u00e1? Desde el bloque de Unidad Independiente expresaron que agotar\u00e1n todas las instancias. <strong>El lunes apelar\u00e1n a la Junta Electoral y van a recurrir a la justicia.<\/strong> \u00bfHabr\u00e1 s\u00f3lo dos listas o se postergan las elecciones?<\/p>\n","protected":false},"excerpt":{"rendered":"<p>La Junta Electoral decidi\u00f3 no aprobar a la Agrupaci\u00f3n Independiente Tradicional para participar de las elecciones. Si fueron aceptadas las otras dos listas: Agrupaci\u00f3n Independiente y Gente de Independiente. El frente opositor que estaba encabezado por Fabi\u00e1n Doman, N\u00e9stor Grindetti y Juan Marconi recibi\u00f3 la notificaci\u00f3n este s\u00e1bado por la tarde. La Junta Electoral le [&hellip;]<\/p>\n","protected":false},"author":1,"featured_media":101876,"comment_status":"open","ping_status":"closed","sticky":false,"template":"","format":"standard","meta":{"_links_to":"","_links_to_target":""},"categories":[3280,3247],"tags":[2186,2247,153,5057,5067,773,5083,5091,1455,5081],"_links":{"self":[{"href":"https:\/\/www.locoxelrojo.com\/independiente\/wp-json\/wp\/v2\/posts\/101866"}],"collection":[{"href":"https:\/\/www.locoxelrojo.com\/independiente\/wp-json\/wp\/v2\/posts"}],"about":[{"href":"https:\/\/www.locoxelrojo.com\/independiente\/wp-json\/wp\/v2\/types\/post"}],"author":[{"embeddable":true,"href":"https:\/\/www.locoxelrojo.com\/independiente\/wp-json\/wp\/v2\/users\/1"}],"replies":[{"embeddable":true,"href":"https:\/\/www.locoxelrojo.com\/independiente\/wp-json\/wp\/v2\/comments?post=101866"}],"version-history":[{"count":6,"href":"https:\/\/www.locoxelrojo.com\/independiente\/wp-json\/wp\/v2\/posts\/101866\/revisions"}],"predecessor-version":[{"id":101887,"href":"https:\/\/www.locoxelrojo.com\/independiente\/wp-json\/wp\/v2\/posts\/101866\/revisions\/101887"}],"wp:featuredmedia":[{"embeddable":true,"href":"https:\/\/www.locoxelrojo.com\/independiente\/wp-json\/wp\/v2\/media\/101876"}],"wp:attachment":[{"href":"https:\/\/www.locoxelrojo.com\/independiente\/wp-json\/wp\/v2\/media?parent=101866"}],"wp:term":[{"taxonomy":"category","embeddable":true,"href":"https:\/\/www.locoxelrojo.com\/independiente\/wp-json\/wp\/v2\/categories?post=101866"},{"taxonomy":"post_tag","embeddable":true,"href":"https:\/\/www.locoxelrojo.com\/independiente\/wp-json\/wp\/v2\/tags?post=101866"}],"curies":[{"name":"wp","href":"https:\/\/api.w.org\/{rel}","templated":true}]}}