{"id":101949,"date":"2021-12-07T09:55:22","date_gmt":"2021-12-07T12:55:22","guid":{"rendered":"https:\/\/www.locoxelrojo.com\/independiente\/?p=101949"},"modified":"2021-12-07T15:30:35","modified_gmt":"2021-12-07T18:30:35","slug":"rudecindo-sobre-doman-uno-no-puede-hacer-lo-que-cree","status":"publish","type":"post","link":"https:\/\/www.locoxelrojo.com\/independiente\/2021\/12\/07\/rudecindo-sobre-doman-uno-no-puede-hacer-lo-que-cree\/","title":{"rendered":"Rudecindo, sobre Doman: \u201cUno no puede hacer lo que cree\u201d"},"content":{"rendered":"<p><strong>Claudio Rudecindo<\/strong>, candidato a presidente por parte de <strong>Gente de Independiente<\/strong>, habl\u00f3 sobre la posibilidad de que las elecciones se retrasen. Adem\u00e1s dio su punto de vista sobre el pedido de la unidad comandada por Fabi\u00e1n Doman.<\/p>\n<p><strong>\u201cA mi me llev\u00f3 dos a\u00f1os obtener el certificado para participar de las elecciones y el 14 de agosto lo entregu\u00e9 en el club. Estamos preparando las regulaciones que nos ped\u00edan para presentarlas\u201d<\/strong>, comenz\u00f3 el candidato.<\/p>\n<p>En la misma l\u00ednea, sigui\u00f3 en di\u00e1logo con Muy Independiente: <strong>\u201cEn 2019 yo ten\u00eda la peor agrupaci\u00f3n de todas, se deb\u00edan cerca de 20 balances y pude resolverlo con un equipo de profesionales\u201d<\/strong>.<\/p>\n<p>Cuando le consultaron su postura sobre la inhibici\u00f3n de parte del oficialismo hacia la lista Unidad Independiente expres\u00f3: <strong>\u201cNo me pongo de parte de nadie, solamente estoy de parte del estatuto de Independiente, lo estudi\u00e9. Uno no puede hacer lo que cree sino lo que est\u00e1 establecido\u201d<\/strong>.<\/p>\n<p><strong>\u201cEn un solo punto nos pusimos todos de acuerdo y fue en el de no correr las elecciones y que sean el 19. Ahora si pasa esto, el club pasar\u00eda a estar intervenido judicialmente porque no quedar\u00eda nadie gobernando\u201d<\/strong>, cerr\u00f3.<\/p>\n","protected":false},"excerpt":{"rendered":"<p>Claudio Rudecindo, candidato a presidente por parte de Gente de Independiente, habl\u00f3 sobre la posibilidad de que las elecciones se retrasen. Adem\u00e1s dio su punto de vista sobre el pedido de la unidad comandada por Fabi\u00e1n Doman. \u201cA mi me llev\u00f3 dos a\u00f1os obtener el certificado para participar de las elecciones y el 14 de [&hellip;]<\/p>\n","protected":false},"author":101026,"featured_media":101950,"comment_status":"open","ping_status":"closed","sticky":false,"template":"","format":"standard","meta":{"_links_to":"","_links_to_target":""},"categories":[3280,3247],"tags":[1024,153],"_links":{"self":[{"href":"https:\/\/www.locoxelrojo.com\/independiente\/wp-json\/wp\/v2\/posts\/101949"}],"collection":[{"href":"https:\/\/www.locoxelrojo.com\/independiente\/wp-json\/wp\/v2\/posts"}],"about":[{"href":"https:\/\/www.locoxelrojo.com\/independiente\/wp-json\/wp\/v2\/types\/post"}],"author":[{"embeddable":true,"href":"https:\/\/www.locoxelrojo.com\/independiente\/wp-json\/wp\/v2\/users\/101026"}],"replies":[{"embeddable":true,"href":"https:\/\/www.locoxelrojo.com\/independiente\/wp-json\/wp\/v2\/comments?post=101949"}],"version-history":[{"count":2,"href":"https:\/\/www.locoxelrojo.com\/independiente\/wp-json\/wp\/v2\/posts\/101949\/revisions"}],"predecessor-version":[{"id":101952,"href":"https:\/\/www.locoxelrojo.com\/independiente\/wp-json\/wp\/v2\/posts\/101949\/revisions\/101952"}],"wp:featuredmedia":[{"embeddable":true,"href":"https:\/\/www.locoxelrojo.com\/independiente\/wp-json\/wp\/v2\/media\/101950"}],"wp:attachment":[{"href":"https:\/\/www.locoxelrojo.com\/independiente\/wp-json\/wp\/v2\/media?parent=101949"}],"wp:term":[{"taxonomy":"category","embeddable":true,"href":"https:\/\/www.locoxelrojo.com\/independiente\/wp-json\/wp\/v2\/categories?post=101949"},{"taxonomy":"post_tag","embeddable":true,"href":"https:\/\/www.locoxelrojo.com\/independiente\/wp-json\/wp\/v2\/tags?post=101949"}],"curies":[{"name":"wp","href":"https:\/\/api.w.org\/{rel}","templated":true}]}}