{"id":102144,"date":"2021-12-16T22:00:27","date_gmt":"2021-12-17T01:00:27","guid":{"rendered":"https:\/\/www.locoxelrojo.com\/independiente\/?p=102144"},"modified":"2021-12-17T00:33:23","modified_gmt":"2021-12-17T03:33:23","slug":"rudecindo-a-mi-no-me-aviso-nadie-que-se-suspendieron-las-elecciones-el-domingo","status":"publish","type":"post","link":"https:\/\/www.locoxelrojo.com\/independiente\/2021\/12\/16\/rudecindo-a-mi-no-me-aviso-nadie-que-se-suspendieron-las-elecciones-el-domingo\/","title":{"rendered":"Rudecindo: &#8220;A mi no me avis\u00f3 nadie que se suspendieron las elecciones el domingo&#8221;"},"content":{"rendered":"<p><strong>Claudio Rudecindo<\/strong>, candidato a presidente por la agrupaci\u00f3n Gente de Independiente, explic\u00f3 que no recibi\u00f3 ning\u00fan notificaci\u00f3n legal por <a href=\"https:\/\/www.locoxelrojo.com\/independiente\/2021\/12\/15\/elecciones-suspendidas\/\">la suspensi\u00f3n de las elecciones<\/a>.<\/p>\n<p><strong>\u201cA mi no me avis\u00f3 nadie que se suspendieron las elecciones el domingo. Reci\u00e9n salgo de entrenar a mis fiscales. Si yo no me presento, y se hace la elecci\u00f3n, quedo como un idiota ante mi gente. La \u00fanica notificaci\u00f3n legal que tengo es un telegrama que dice que el 19 me tengo que presentar\u201d<\/strong>, manifest\u00f3.<\/p>\n<p>Continuando el di\u00e1logo con Radio La Red ejemplific\u00f3 la falta de comunicaci\u00f3n que hay hoy en d\u00eda en el club: <strong>&#8220;Hasta tuve que tirar 50.000 boletas a la basura por una diferencia de medio cent\u00edmetro. Tuve que llamar a la imprenta para hacerlas de nuevo. A mi me la hicieron pasar bastante mal, demasiada energ\u00eda me consumi\u00f3 esto\u201c<\/strong>.<\/p>\n<p>Para finalizar, cont\u00f3 una idea que tiene en mente con su equipo de trabajo. <strong>&#8220;Si ganamos las elecciones y tenemos una mayor\u00eda absoluta, llamar\u00eda a una Asamblea para convocar a elecciones y que puedan participar todos. Que est\u00e9n Hugo Moyano, Fabi\u00e1n Doman y el que quiera. Ah\u00ed, yo me voy y no participo. Esto es un desgaste grande\u201d<\/strong>, cerr\u00f3.<\/p>\n","protected":false},"excerpt":{"rendered":"<p>Claudio Rudecindo, candidato a presidente por la agrupaci\u00f3n Gente de Independiente, explic\u00f3 que no recibi\u00f3 ning\u00fan notificaci\u00f3n legal por la suspensi\u00f3n de las elecciones. \u201cA mi no me avis\u00f3 nadie que se suspendieron las elecciones el domingo. Reci\u00e9n salgo de entrenar a mis fiscales. Si yo no me presento, y se hace la elecci\u00f3n, quedo [&hellip;]<\/p>\n","protected":false},"author":1,"featured_media":102145,"comment_status":"open","ping_status":"closed","sticky":false,"template":"","format":"standard","meta":{"_links_to":"","_links_to_target":""},"categories":[3280,3247],"tags":[1024,153,773],"_links":{"self":[{"href":"https:\/\/www.locoxelrojo.com\/independiente\/wp-json\/wp\/v2\/posts\/102144"}],"collection":[{"href":"https:\/\/www.locoxelrojo.com\/independiente\/wp-json\/wp\/v2\/posts"}],"about":[{"href":"https:\/\/www.locoxelrojo.com\/independiente\/wp-json\/wp\/v2\/types\/post"}],"author":[{"embeddable":true,"href":"https:\/\/www.locoxelrojo.com\/independiente\/wp-json\/wp\/v2\/users\/1"}],"replies":[{"embeddable":true,"href":"https:\/\/www.locoxelrojo.com\/independiente\/wp-json\/wp\/v2\/comments?post=102144"}],"version-history":[{"count":1,"href":"https:\/\/www.locoxelrojo.com\/independiente\/wp-json\/wp\/v2\/posts\/102144\/revisions"}],"predecessor-version":[{"id":102146,"href":"https:\/\/www.locoxelrojo.com\/independiente\/wp-json\/wp\/v2\/posts\/102144\/revisions\/102146"}],"wp:featuredmedia":[{"embeddable":true,"href":"https:\/\/www.locoxelrojo.com\/independiente\/wp-json\/wp\/v2\/media\/102145"}],"wp:attachment":[{"href":"https:\/\/www.locoxelrojo.com\/independiente\/wp-json\/wp\/v2\/media?parent=102144"}],"wp:term":[{"taxonomy":"category","embeddable":true,"href":"https:\/\/www.locoxelrojo.com\/independiente\/wp-json\/wp\/v2\/categories?post=102144"},{"taxonomy":"post_tag","embeddable":true,"href":"https:\/\/www.locoxelrojo.com\/independiente\/wp-json\/wp\/v2\/tags?post=102144"}],"curies":[{"name":"wp","href":"https:\/\/api.w.org\/{rel}","templated":true}]}}