{"id":102242,"date":"2021-12-22T16:34:28","date_gmt":"2021-12-22T19:34:28","guid":{"rendered":"https:\/\/www.locoxelrojo.com\/independiente\/?p=102242"},"modified":"2021-12-22T19:35:03","modified_gmt":"2021-12-22T22:35:03","slug":"y-si-se-baja","status":"publish","type":"post","link":"https:\/\/www.locoxelrojo.com\/independiente\/2021\/12\/22\/y-si-se-baja\/","title":{"rendered":"\u00bfY si se baja?"},"content":{"rendered":"<p><strong>Claudio Rudecindo analiza su participaci\u00f3n en las elecciones.<\/strong><\/p>\n<p>A\u00fan no hay fecha definida. Lo que s\u00ed es un hecho que no habr\u00e1 comicios en el club en lo que resta del 2021. Ante este panorama, <strong>desde Gente de Independiente comenzaron con los rumores de bajar la candidatura de la lista para cuando se desarrollen<\/strong>. Vencidos los plazos, y dependiendo de la decisi\u00f3n de la Justicia, esto podr\u00eda llevar a que haya solamente una lista, la del oficialismo.<\/p>\n<p>Fue <a href=\"https:\/\/www.locoxelrojo.com\/independiente\/2021\/12\/21\/rudecindo-el-unico-beneficiado-de-todo-lo-que-esta-pasando-es-el-oficialismo\/\">el propio Rudecindo el que anticip\u00f3 la idea<\/a> que pasa por la cabeza de varios integrantes que lo acompa\u00f1an: <strong>&#8220;Si no se hacen este a\u00f1o, es probable que no participemos&#8221;<\/strong>.<\/p>\n<p>La decisi\u00f3n todav\u00eda no est\u00e1 tomada, pero cuando el r\u00edo suena&#8230;<\/p>\n","protected":false},"excerpt":{"rendered":"<p>Claudio Rudecindo analiza su participaci\u00f3n en las elecciones. A\u00fan no hay fecha definida. Lo que s\u00ed es un hecho que no habr\u00e1 comicios en el club en lo que resta del 2021. Ante este panorama, desde Gente de Independiente comenzaron con los rumores de bajar la candidatura de la lista para cuando se desarrollen. Vencidos [&hellip;]<\/p>\n","protected":false},"author":1,"featured_media":102243,"comment_status":"open","ping_status":"closed","sticky":false,"template":"","format":"standard","meta":{"_links_to":"","_links_to_target":""},"categories":[3280,3247],"tags":[1024,153,5057,773],"_links":{"self":[{"href":"https:\/\/www.locoxelrojo.com\/independiente\/wp-json\/wp\/v2\/posts\/102242"}],"collection":[{"href":"https:\/\/www.locoxelrojo.com\/independiente\/wp-json\/wp\/v2\/posts"}],"about":[{"href":"https:\/\/www.locoxelrojo.com\/independiente\/wp-json\/wp\/v2\/types\/post"}],"author":[{"embeddable":true,"href":"https:\/\/www.locoxelrojo.com\/independiente\/wp-json\/wp\/v2\/users\/1"}],"replies":[{"embeddable":true,"href":"https:\/\/www.locoxelrojo.com\/independiente\/wp-json\/wp\/v2\/comments?post=102242"}],"version-history":[{"count":1,"href":"https:\/\/www.locoxelrojo.com\/independiente\/wp-json\/wp\/v2\/posts\/102242\/revisions"}],"predecessor-version":[{"id":102244,"href":"https:\/\/www.locoxelrojo.com\/independiente\/wp-json\/wp\/v2\/posts\/102242\/revisions\/102244"}],"wp:featuredmedia":[{"embeddable":true,"href":"https:\/\/www.locoxelrojo.com\/independiente\/wp-json\/wp\/v2\/media\/102243"}],"wp:attachment":[{"href":"https:\/\/www.locoxelrojo.com\/independiente\/wp-json\/wp\/v2\/media?parent=102242"}],"wp:term":[{"taxonomy":"category","embeddable":true,"href":"https:\/\/www.locoxelrojo.com\/independiente\/wp-json\/wp\/v2\/categories?post=102242"},{"taxonomy":"post_tag","embeddable":true,"href":"https:\/\/www.locoxelrojo.com\/independiente\/wp-json\/wp\/v2\/tags?post=102242"}],"curies":[{"name":"wp","href":"https:\/\/api.w.org\/{rel}","templated":true}]}}