{"id":102329,"date":"2021-12-28T21:23:28","date_gmt":"2021-12-29T00:23:28","guid":{"rendered":"https:\/\/www.locoxelrojo.com\/independiente\/?p=102329"},"modified":"2021-12-28T21:33:57","modified_gmt":"2021-12-29T00:33:57","slug":"avanza-la-salida-de-benitez","status":"publish","type":"post","link":"https:\/\/www.locoxelrojo.com\/independiente\/2021\/12\/28\/avanza-la-salida-de-benitez\/","title":{"rendered":"Avanza la salida de Ben\u00edtez"},"content":{"rendered":"<p><a href=\"https:\/\/www.locoxelrojo.com\/independiente\/2021\/12\/27\/lo-busca-gremio\/\">Gremio mostr\u00f3 inter\u00e9s en Mart\u00edn Ben\u00edtez<\/a> y <strong>el jugador que estaba a pr\u00e9stamo en San Pablo y deb\u00eda volver a Independiente en enero tiene muchas posibilidades de seguir en Brasil.<\/strong><\/p>\n<p>El Rojo y el Tricolor llegaron a un acuerdo en la negociaci\u00f3n para que <strong>el atacante parta nuevamente a pr\u00e9stamo por 1 a\u00f1o con cargo de 300.000 d\u00f3lares.<\/strong><\/p>\n<p>Adem\u00e1s, se le agregan algunas condiciones: <strong>si el conjunto brasilero<\/strong>, recientemente descendido, <strong>sube a Primera o el futbolista juega el 60% de los partidos, se ejecuta la cl\u00e1usula de obligaci\u00f3n de compra por 1.200.000 d\u00f3lares y tiene que hacerle un contrato por 3 a\u00f1os.<\/strong><\/p>\n<p>Tambi\u00e9n, <strong>en cada uno de esos 3 a\u00f1o<\/strong>s est\u00e1 la misma opci\u00f3n de que,<strong> si Ben\u00edtez juega el 60% de los encuentros, el club tiene que comprar un 25% del pase en 750.000 d\u00f3lares hasta completar el 100%.<\/strong><\/p>\n<p>El monto total de la operaci\u00f3n en ese lapso de tiempo, <strong>si las cl\u00e1usulas se ejecutan, llegar\u00e1 a 3.000.000 de d\u00f3lares.<\/strong> De no ser as\u00ed, <strong>si la primera no se cumple, Tin deber\u00e1 volver a Avellaneda.<\/strong><\/p>\n<p><iframe loading=\"lazy\" title=\"YouTube video player\" src=\"https:\/\/www.youtube.com\/embed\/3S2El7LQR4A\" width=\"560\" height=\"315\" frameborder=\"0\" allowfullscreen=\"allowfullscreen\"><\/iframe><\/p>\n","protected":false},"excerpt":{"rendered":"<p>Gremio mostr\u00f3 inter\u00e9s en Mart\u00edn Ben\u00edtez y el jugador que estaba a pr\u00e9stamo en San Pablo y deb\u00eda volver a Independiente en enero tiene muchas posibilidades de seguir en Brasil. El Rojo y el Tricolor llegaron a un acuerdo en la negociaci\u00f3n para que el atacante parta nuevamente a pr\u00e9stamo por 1 a\u00f1o con cargo [&hellip;]<\/p>\n","protected":false},"author":101017,"featured_media":102330,"comment_status":"open","ping_status":"closed","sticky":false,"template":"","format":"standard","meta":{"_links_to":"","_links_to_target":""},"categories":[3280,3247],"tags":[153,1617,258,3298],"_links":{"self":[{"href":"https:\/\/www.locoxelrojo.com\/independiente\/wp-json\/wp\/v2\/posts\/102329"}],"collection":[{"href":"https:\/\/www.locoxelrojo.com\/independiente\/wp-json\/wp\/v2\/posts"}],"about":[{"href":"https:\/\/www.locoxelrojo.com\/independiente\/wp-json\/wp\/v2\/types\/post"}],"author":[{"embeddable":true,"href":"https:\/\/www.locoxelrojo.com\/independiente\/wp-json\/wp\/v2\/users\/101017"}],"replies":[{"embeddable":true,"href":"https:\/\/www.locoxelrojo.com\/independiente\/wp-json\/wp\/v2\/comments?post=102329"}],"version-history":[{"count":1,"href":"https:\/\/www.locoxelrojo.com\/independiente\/wp-json\/wp\/v2\/posts\/102329\/revisions"}],"predecessor-version":[{"id":102331,"href":"https:\/\/www.locoxelrojo.com\/independiente\/wp-json\/wp\/v2\/posts\/102329\/revisions\/102331"}],"wp:featuredmedia":[{"embeddable":true,"href":"https:\/\/www.locoxelrojo.com\/independiente\/wp-json\/wp\/v2\/media\/102330"}],"wp:attachment":[{"href":"https:\/\/www.locoxelrojo.com\/independiente\/wp-json\/wp\/v2\/media?parent=102329"}],"wp:term":[{"taxonomy":"category","embeddable":true,"href":"https:\/\/www.locoxelrojo.com\/independiente\/wp-json\/wp\/v2\/categories?post=102329"},{"taxonomy":"post_tag","embeddable":true,"href":"https:\/\/www.locoxelrojo.com\/independiente\/wp-json\/wp\/v2\/tags?post=102329"}],"curies":[{"name":"wp","href":"https:\/\/api.w.org\/{rel}","templated":true}]}}