{"id":10237,"date":"2011-08-16T02:57:02","date_gmt":"2011-08-16T05:57:02","guid":{"rendered":"http:\/\/www.locoxelrojo.com.ar\/independiente\/?p=10237"},"modified":"2011-08-16T02:57:02","modified_gmt":"2011-08-16T05:57:02","slug":"ferreyra-queremos-arrancar-de-buena-manera-no-hay-que-descuidar-el-torneo","status":"publish","type":"post","link":"https:\/\/www.locoxelrojo.com\/independiente\/2011\/08\/16\/ferreyra-queremos-arrancar-de-buena-manera-no-hay-que-descuidar-el-torneo\/","title":{"rendered":"Ferreyra: &#8220;Queremos arrancar de buena manera, no hay que descuidar el torneo&#8221;"},"content":{"rendered":"<p><a href=\"http:\/\/www.locoxelrojo.com.ar\/independiente\/wp-content\/uploads\/2011\/08\/ferreyra-independiente.jpg\"><img loading=\"lazy\" class=\"alignnone size-full wp-image-10238\" title=\"ferreyra-independiente\" src=\"http:\/\/www.locoxelrojo.com.ar\/independiente\/wp-content\/uploads\/2011\/08\/ferreyra-independiente.jpg\" alt=\"\" width=\"590\" height=\"315\" srcset=\"https:\/\/locoxelrojo.com\/independiente\/wp-content\/uploads\/2011\/08\/ferreyra-independiente.jpg 590w, https:\/\/locoxelrojo.com\/independiente\/wp-content\/uploads\/2011\/08\/ferreyra-independiente-300x160.jpg 300w\" sizes=\"(max-width: 590px) 100vw, 590px\" \/><\/a><\/p>\n<p>Osmar Ferreyra dialog\u00f3 en exclusiva para <strong>Locoxelrojo Radio<\/strong>, donde habl\u00f3 un poco de todo: de las copas, del Torneo Apertura y de su paso por Ucrania.<\/p>\n<p><strong>\u201cTengo la misma ilusi\u00f3n que tienen todos los hinchas, la de ganar las copas y  pasar este semestre lo mejor posible, tratando de sumar para el equipo\u201d<\/strong> arranc\u00f3 el Malevo, a pesar que admite estar con falta de ritmo, ya que estuvo un mes sin <strong>\u201chacer nada\u201d<\/strong>, pero asegur\u00f3 que <strong>\u201ca medida que vayan pasando los partidos me voy a ir soltando y prometo dar m\u00e1s\u201d<\/strong><\/p>\n<p>Con respecto a por qu\u00e9 decidi\u00f3 continuar su carrera en el Rojo, Ferreyra cont\u00f3 que se inclin\u00f3 por el gran momento que este est\u00e1 atravesando el club. <strong>\u201cEleg\u00ed venir a Independiente por todo lo que se viene, por todos los desaf\u00edos que tenemos, queremos tratar de devolver al club a los m\u00e1ximos planos. Tenemos la linda responsabilidad de poder ganar la Recopa y dejar en lo m\u00e1s alto al club\u201d<\/strong>, explic\u00f3 Osmar y agreg\u00f3 que lleg\u00f3 con la m\u00e1xima ilusi\u00f3n, aunque se empez\u00f3 con el pie izquierdo al perder por penales la Suruga Bank. <strong>\u201cCreo que ese traspi\u00e9 lo pudimos asimilar r\u00e1pido y por eso tuvimos un buen partido en la primera final de la Recopa. Esperamos tener el mismo resultado en Brasil, aunque no va a ser nada f\u00e1cil\u201d<\/strong><\/p>\n<p>Si bien el partido de vuelta con el Inter es importante, Ferreyra deja en claro que no hay que descuidar el torneo local. <strong>\u201cNosotros esperamos empezar el torno de la mejor manera, ya que no lo tenemos que descuidar. Va a ser un torneo muy competitivo por la posici\u00f3n que ocupan los grande en el promedio\u2026todos van a querer salir campeones&#8221;<\/strong>, cont\u00f3 y explic\u00f3 que cuando jugaba en el exterior nunca dej\u00f3 de ver f\u00fatbol argentino, por lo cual opina que este hoy en d\u00eda est\u00e1 muy parejo, ya que nunca hab\u00eda pasado que est\u00e9n todos los grandes con el mismo promedio, <strong>\u201csalvo nosotros que estamos m\u00e1s arriba\u201d<br \/>\n<\/strong><br \/>\nOsmar tambi\u00e9n habl\u00f3 sobre la posici\u00f3n ocupaba dentro de la cancha cuando estaba en Ucrania.<strong> &#8220;Juegue en varias posiciones en estos cuatros a\u00f1os: juegue de volante por izquierda, todo un campeonato de volante por derecha y termin\u00e9 jugando de lateral izquierdo&#8221;<\/strong>, explic\u00f3. <strong>&#8220;Al entrenador en Ucrania le gustaba que juguemos con pierna cambiada e hice varios goles jugando por derecha, enganchando para adentro\u201d<\/strong>, cont\u00f3.<\/p>\n<p>Volviendo a la actualidad, el Malevo opin\u00f3 que Independiente tiene <strong>\u201cun plantel b\u00e1rbaro, muy amplio y con individualidades muy buenas\u201d<\/strong> y agreg\u00f3 que si bien no pudo ver mucho al Patito Rodr\u00edguez porque se lesion\u00f3, era el as que el equipo ten\u00eda para estos partidos.<\/p>\n<p><strong>Escucha el audio completo de la nota distendida con el Malevo Ferreyra:<\/strong><\/p>\n<p><object classid=\"clsid:d27cdb6e-ae6d-11cf-96b8-444553540000\" width=\"335\" height=\"28\" codebase=\"http:\/\/download.macromedia.com\/pub\/shockwave\/cabs\/flash\/swflash.cab#version=6,0,40,0\"><param name=\"allowFullScreen\" value=\"true\" \/><param name=\"allowscriptaccess\" value=\"always\" \/><param name=\"wmode\" value=\"transparent\" \/><param name=\"src\" value=\"http:\/\/www.divshare.com\/flash\/audio_embed?data=YTo2OntzOjU6ImFwaUlkIjtzOjE6IjQiO3M6NjoiZmlsZUlkIjtzOjg6IjE1NTMyNjYzIjtzOjQ6ImNvZGUiO3M6MTI6IjE1NTMyNjYzLWM2YiI7czo2OiJ1c2VySWQiO3M6NzoiMjIxMTE0MSI7czoxMjoiZXh0ZXJuYWxDYWxsIjtpOjE7czo0OiJ0aW1lIjtpOjEzMTM0NzQxMTA7fQ==&amp;autoplay=default\" \/><param name=\"allowfullscreen\" value=\"true\" \/><embed type=\"application\/x-shockwave-flash\" width=\"335\" height=\"28\" src=\"http:\/\/www.divshare.com\/flash\/audio_embed?data=YTo2OntzOjU6ImFwaUlkIjtzOjE6IjQiO3M6NjoiZmlsZUlkIjtzOjg6IjE1NTMyNjYzIjtzOjQ6ImNvZGUiO3M6MTI6IjE1NTMyNjYzLWM2YiI7czo2OiJ1c2VySWQiO3M6NzoiMjIxMTE0MSI7czoxMjoiZXh0ZXJuYWxDYWxsIjtpOjE7czo0OiJ0aW1lIjtpOjEzMTM0NzQxMTA7fQ==&amp;autoplay=default\" wmode=\"transparent\" allowscriptaccess=\"always\" allowfullscreen=\"true\"><\/embed><\/object><\/p>\n","protected":false},"excerpt":{"rendered":"<p>Osmar Ferreyra dialog\u00f3 en exclusiva para Locoxelrojo Radio, donde habl\u00f3 un poco de todo: de las copas, del Torneo Apertura y de su paso por Ucrania. \u201cTengo la misma ilusi\u00f3n que tienen todos los hinchas, la de ganar las copas y pasar este semestre lo mejor posible, tratando de sumar para el equipo\u201d arranc\u00f3 el [&hellip;]<\/p>\n","protected":false},"author":1,"featured_media":0,"comment_status":"open","ping_status":"open","sticky":false,"template":"","format":"standard","meta":{"_links_to":"","_links_to_target":""},"categories":[3,17,1],"tags":[972,153,316,3268,916],"_links":{"self":[{"href":"https:\/\/www.locoxelrojo.com\/independiente\/wp-json\/wp\/v2\/posts\/10237"}],"collection":[{"href":"https:\/\/www.locoxelrojo.com\/independiente\/wp-json\/wp\/v2\/posts"}],"about":[{"href":"https:\/\/www.locoxelrojo.com\/independiente\/wp-json\/wp\/v2\/types\/post"}],"author":[{"embeddable":true,"href":"https:\/\/www.locoxelrojo.com\/independiente\/wp-json\/wp\/v2\/users\/1"}],"replies":[{"embeddable":true,"href":"https:\/\/www.locoxelrojo.com\/independiente\/wp-json\/wp\/v2\/comments?post=10237"}],"version-history":[{"count":0,"href":"https:\/\/www.locoxelrojo.com\/independiente\/wp-json\/wp\/v2\/posts\/10237\/revisions"}],"wp:attachment":[{"href":"https:\/\/www.locoxelrojo.com\/independiente\/wp-json\/wp\/v2\/media?parent=10237"}],"wp:term":[{"taxonomy":"category","embeddable":true,"href":"https:\/\/www.locoxelrojo.com\/independiente\/wp-json\/wp\/v2\/categories?post=10237"},{"taxonomy":"post_tag","embeddable":true,"href":"https:\/\/www.locoxelrojo.com\/independiente\/wp-json\/wp\/v2\/tags?post=10237"}],"curies":[{"name":"wp","href":"https:\/\/api.w.org\/{rel}","templated":true}]}}