{"id":102458,"date":"2022-01-05T20:30:49","date_gmt":"2022-01-05T23:30:49","guid":{"rendered":"https:\/\/www.locoxelrojo.com\/independiente\/?p=102458"},"modified":"2022-01-08T15:29:53","modified_gmt":"2022-01-08T18:29:53","slug":"trueque-de-tecnicos-falcioni-asumio-en-colon","status":"publish","type":"post","link":"https:\/\/www.locoxelrojo.com\/independiente\/2022\/01\/05\/trueque-de-tecnicos-falcioni-asumio-en-colon\/","title":{"rendered":"Trueque de t\u00e9cnicos: Falcioni asumi\u00f3 en Col\u00f3n"},"content":{"rendered":"<p><strong>Luego de finalizar su contrato con Independiente y de que la dirigencia decida no renovarle, Julio Falcioni asumi\u00f3 como nuevo entrenador de Col\u00f3n de Santa Fe.<\/strong><\/p>\n<p>Si bien fueron negociaciones por separado que no tuvieron nada que ver, se puede decir que hubo un cambio de DT entre ambas instituciones: <strong>Falcioni dej\u00f3 Avellaneda y lleg\u00f3 a Santa Fe, mientras que <a href=\"https:\/\/www.locoxelrojo.com\/independiente\/2022\/01\/04\/eduardo-dominguez-firmo-su-contrato-con-independiente\/\">Eduardo Dom\u00ednguez hizo lo opuesto<\/a><\/strong>.<\/p>\n<blockquote class=\"twitter-tweet\" data-width=\"550\" data-dnt=\"true\">\n<p lang=\"es\" dir=\"ltr\">Inicio de la pretemporada 2022\u2b50<a href=\"https:\/\/twitter.com\/hashtag\/Col%C3%B3nNoSeDetiene?src=hash&amp;ref_src=twsrc%5Etfw\">#Col\u00f3nNoSeDetiene<\/a> \ud83d\udcaa<a href=\"https:\/\/twitter.com\/hashtag\/ElClubDelPueblo?src=hash&amp;ref_src=twsrc%5Etfw\">#ElClubDelPueblo<\/a>\u2764\ud83d\udda4 <a href=\"https:\/\/t.co\/7rmmI7oVGp\">pic.twitter.com\/7rmmI7oVGp<\/a><\/p>\n<p>&mdash; Club Atl\u00e9tico Col\u00f3n \u2b50 (@ColonOficial) <a href=\"https:\/\/twitter.com\/ColonOficial\/status\/1478874431325835264?ref_src=twsrc%5Etfw\">January 5, 2022<\/a><\/p><\/blockquote>\n<p><script async src=\"https:\/\/platform.twitter.com\/widgets.js\" charset=\"utf-8\"><\/script><\/p>\n<p>Ser\u00e1 el segundo ciclo del Emperador en el club Santafesino, despu\u00e9s de su paso en el a\u00f1o 2006. Un dato curioso que se vuelve a repetir es que <strong>en aquel entonces tambi\u00e9n dejaba el Rojo y agarraba al Sabalero<\/strong>.<\/p>\n<p>Falcioni firm\u00f3 por un a\u00f1o, en el cual<strong> tendr\u00e1 por delante la triple competencia<\/strong>: el torneo local, la Copa Libertadores y la Copa Argentina.<\/p>\n<p>&nbsp;<\/p>\n","protected":false},"excerpt":{"rendered":"<p>Luego de finalizar su contrato con Independiente y de que la dirigencia decida no renovarle, Julio Falcioni asumi\u00f3 como nuevo entrenador de Col\u00f3n de Santa Fe. Si bien fueron negociaciones por separado que no tuvieron nada que ver, se puede decir que hubo un cambio de DT entre ambas instituciones: Falcioni dej\u00f3 Avellaneda y lleg\u00f3 [&hellip;]<\/p>\n","protected":false},"author":101025,"featured_media":102459,"comment_status":"open","ping_status":"closed","sticky":false,"template":"","format":"standard","meta":{"_links_to":"","_links_to_target":""},"categories":[3280,3247],"tags":[2740,385],"_links":{"self":[{"href":"https:\/\/www.locoxelrojo.com\/independiente\/wp-json\/wp\/v2\/posts\/102458"}],"collection":[{"href":"https:\/\/www.locoxelrojo.com\/independiente\/wp-json\/wp\/v2\/posts"}],"about":[{"href":"https:\/\/www.locoxelrojo.com\/independiente\/wp-json\/wp\/v2\/types\/post"}],"author":[{"embeddable":true,"href":"https:\/\/www.locoxelrojo.com\/independiente\/wp-json\/wp\/v2\/users\/101025"}],"replies":[{"embeddable":true,"href":"https:\/\/www.locoxelrojo.com\/independiente\/wp-json\/wp\/v2\/comments?post=102458"}],"version-history":[{"count":2,"href":"https:\/\/www.locoxelrojo.com\/independiente\/wp-json\/wp\/v2\/posts\/102458\/revisions"}],"predecessor-version":[{"id":102461,"href":"https:\/\/www.locoxelrojo.com\/independiente\/wp-json\/wp\/v2\/posts\/102458\/revisions\/102461"}],"wp:featuredmedia":[{"embeddable":true,"href":"https:\/\/www.locoxelrojo.com\/independiente\/wp-json\/wp\/v2\/media\/102459"}],"wp:attachment":[{"href":"https:\/\/www.locoxelrojo.com\/independiente\/wp-json\/wp\/v2\/media?parent=102458"}],"wp:term":[{"taxonomy":"category","embeddable":true,"href":"https:\/\/www.locoxelrojo.com\/independiente\/wp-json\/wp\/v2\/categories?post=102458"},{"taxonomy":"post_tag","embeddable":true,"href":"https:\/\/www.locoxelrojo.com\/independiente\/wp-json\/wp\/v2\/tags?post=102458"}],"curies":[{"name":"wp","href":"https:\/\/api.w.org\/{rel}","templated":true}]}}