{"id":102469,"date":"2022-01-06T13:12:53","date_gmt":"2022-01-06T16:12:53","guid":{"rendered":"https:\/\/www.locoxelrojo.com\/independiente\/?p=102469"},"modified":"2022-01-06T14:20:56","modified_gmt":"2022-01-06T17:20:56","slug":"independiente-pretemporada-covid19-testeos-plantel-bajas","status":"publish","type":"post","link":"https:\/\/www.locoxelrojo.com\/independiente\/2022\/01\/06\/independiente-pretemporada-covid19-testeos-plantel-bajas\/","title":{"rendered":"Cinco casos de Covid en el arranque de la pretemporada"},"content":{"rendered":"<p>Luego de cerrar su participaci\u00f3n en el torneo, el plantel estuvo de vacaciones y en el d\u00eda de hoy los jugadores volvieron a los trabajos. <strong>Previo al inicio se realizaron testeos y estos arrojaron cinco casos positivos de Covid-19.<\/strong><\/p>\n<p>Mediante un parte m\u00e9dico, el club dio a conocer que los futbolistas: <strong>Santiago Vel\u00e1squez, Mauro Molina, Juan Zarza y Gast\u00f3n Togni dieron positivo a COVID-19<\/strong> en los testeos previos al entrenamiento.<\/p>\n<p>Mientras que <strong>Carlos Benavidez dio positivo en Uruguay<\/strong> en el hisopado antes de regresar a Argentina.<\/p>\n<p>En total son seis las bajas que tiene Eduardo Dom\u00ednguez en el inicio de la temporada. <strong>No contar\u00e1 con ellos hasta que cumplan los 10 d\u00edas de aislamiento y est\u00e9n aptos para retomar las pr\u00e1cticas.<\/strong><\/p>\n","protected":false},"excerpt":{"rendered":"<p>Luego de cerrar su participaci\u00f3n en el torneo, el plantel estuvo de vacaciones y en el d\u00eda de hoy los jugadores volvieron a los trabajos. Previo al inicio se realizaron testeos y estos arrojaron cinco casos positivos de Covid-19. Mediante un parte m\u00e9dico, el club dio a conocer que los futbolistas: Santiago Vel\u00e1squez, Mauro Molina, [&hellip;]<\/p>\n","protected":false},"author":101025,"featured_media":102470,"comment_status":"open","ping_status":"closed","sticky":false,"template":"","format":"standard","meta":{"_links_to":"","_links_to_target":""},"categories":[3247,3],"tags":[4506,745,5105],"_links":{"self":[{"href":"https:\/\/www.locoxelrojo.com\/independiente\/wp-json\/wp\/v2\/posts\/102469"}],"collection":[{"href":"https:\/\/www.locoxelrojo.com\/independiente\/wp-json\/wp\/v2\/posts"}],"about":[{"href":"https:\/\/www.locoxelrojo.com\/independiente\/wp-json\/wp\/v2\/types\/post"}],"author":[{"embeddable":true,"href":"https:\/\/www.locoxelrojo.com\/independiente\/wp-json\/wp\/v2\/users\/101025"}],"replies":[{"embeddable":true,"href":"https:\/\/www.locoxelrojo.com\/independiente\/wp-json\/wp\/v2\/comments?post=102469"}],"version-history":[{"count":1,"href":"https:\/\/www.locoxelrojo.com\/independiente\/wp-json\/wp\/v2\/posts\/102469\/revisions"}],"predecessor-version":[{"id":102471,"href":"https:\/\/www.locoxelrojo.com\/independiente\/wp-json\/wp\/v2\/posts\/102469\/revisions\/102471"}],"wp:featuredmedia":[{"embeddable":true,"href":"https:\/\/www.locoxelrojo.com\/independiente\/wp-json\/wp\/v2\/media\/102470"}],"wp:attachment":[{"href":"https:\/\/www.locoxelrojo.com\/independiente\/wp-json\/wp\/v2\/media?parent=102469"}],"wp:term":[{"taxonomy":"category","embeddable":true,"href":"https:\/\/www.locoxelrojo.com\/independiente\/wp-json\/wp\/v2\/categories?post=102469"},{"taxonomy":"post_tag","embeddable":true,"href":"https:\/\/www.locoxelrojo.com\/independiente\/wp-json\/wp\/v2\/tags?post=102469"}],"curies":[{"name":"wp","href":"https:\/\/api.w.org\/{rel}","templated":true}]}}