{"id":102472,"date":"2022-01-06T12:00:47","date_gmt":"2022-01-06T15:00:47","guid":{"rendered":"https:\/\/www.locoxelrojo.com\/independiente\/?p=102472"},"modified":"2022-01-08T15:29:11","modified_gmt":"2022-01-08T18:29:11","slug":"independiente-dominguez-pretemporada","status":"publish","type":"post","link":"https:\/\/www.locoxelrojo.com\/independiente\/2022\/01\/06\/independiente-dominguez-pretemporada\/","title":{"rendered":"Arranc\u00f3 la Era Dom\u00ednguez"},"content":{"rendered":"<p>Este jueves <strong>el plantel de Independiente regres\u00f3 tras unas semanas de vacaciones y Eduardo Dom\u00ednguez junto con su cuerpo t\u00e9cnico dirigieron el primer entrenamiento de la pretemporada 2022<\/strong>. Estuvo presente el Rolfi Montenegro y hay cinco bajas por Covid-19.<\/p>\n<p>Tras un breve receso, el Rey de Copas regres\u00f3 a Villa Dom\u00ednico para prepararse de cara a las competencias que deber\u00e1 afrontar durante este a\u00f1o. <strong>Con el estreno del nuevo DT y su cuerpo t\u00e9cnico, el Rojo puso primera.<\/strong><\/p>\n<p>Junto a Eduardo Dom\u00ednguez estar\u00e1n <strong>Leandro D\u00edaz y Carlos Verna (AC), Pablo Santella (PF), Nicol\u00e1s Rodr\u00edguez (EA) y Bruno Olivetto (AV).<\/strong><\/p>\n<p>Con la presencia de H\u00e9ctor Maldonado y Rolfi Montenegro, los jugadores realizaron la primera pr\u00e1ctica ante los ojos de Dom\u00ednguez, <strong><a href=\"https:\/\/www.locoxelrojo.com\/independiente\/2022\/01\/06\/independiente-pretemporada-covid19-testeos-plantel-bajas\/\">quien no pudo contar con cinco futbolistas debido a que los testeos previos arrojaron cinco casos positivos.\u00a0\u00a0<\/a><\/strong><\/p>\n<p>Adem\u00e1s, de las ausencias por contagios, tampoco estuvieron <strong>Sebasti\u00e1n Sosa, Jonathan Herrera, Lucas Rodr\u00edguez y Ezequiel Mu\u00f1oz.<\/strong><\/p>\n<p>&nbsp;<\/p>\n","protected":false},"excerpt":{"rendered":"<p>Este jueves el plantel de Independiente regres\u00f3 tras unas semanas de vacaciones y Eduardo Dom\u00ednguez junto con su cuerpo t\u00e9cnico dirigieron el primer entrenamiento de la pretemporada 2022. Estuvo presente el Rolfi Montenegro y hay cinco bajas por Covid-19. Tras un breve receso, el Rey de Copas regres\u00f3 a Villa Dom\u00ednico para prepararse de cara [&hellip;]<\/p>\n","protected":false},"author":14,"featured_media":102473,"comment_status":"open","ping_status":"closed","sticky":false,"template":"","format":"standard","meta":{"_links_to":"","_links_to_target":""},"categories":[3247,3],"tags":[153,2207,5105],"_links":{"self":[{"href":"https:\/\/www.locoxelrojo.com\/independiente\/wp-json\/wp\/v2\/posts\/102472"}],"collection":[{"href":"https:\/\/www.locoxelrojo.com\/independiente\/wp-json\/wp\/v2\/posts"}],"about":[{"href":"https:\/\/www.locoxelrojo.com\/independiente\/wp-json\/wp\/v2\/types\/post"}],"author":[{"embeddable":true,"href":"https:\/\/www.locoxelrojo.com\/independiente\/wp-json\/wp\/v2\/users\/14"}],"replies":[{"embeddable":true,"href":"https:\/\/www.locoxelrojo.com\/independiente\/wp-json\/wp\/v2\/comments?post=102472"}],"version-history":[{"count":3,"href":"https:\/\/www.locoxelrojo.com\/independiente\/wp-json\/wp\/v2\/posts\/102472\/revisions"}],"predecessor-version":[{"id":102480,"href":"https:\/\/www.locoxelrojo.com\/independiente\/wp-json\/wp\/v2\/posts\/102472\/revisions\/102480"}],"wp:featuredmedia":[{"embeddable":true,"href":"https:\/\/www.locoxelrojo.com\/independiente\/wp-json\/wp\/v2\/media\/102473"}],"wp:attachment":[{"href":"https:\/\/www.locoxelrojo.com\/independiente\/wp-json\/wp\/v2\/media?parent=102472"}],"wp:term":[{"taxonomy":"category","embeddable":true,"href":"https:\/\/www.locoxelrojo.com\/independiente\/wp-json\/wp\/v2\/categories?post=102472"},{"taxonomy":"post_tag","embeddable":true,"href":"https:\/\/www.locoxelrojo.com\/independiente\/wp-json\/wp\/v2\/tags?post=102472"}],"curies":[{"name":"wp","href":"https:\/\/api.w.org\/{rel}","templated":true}]}}