{"id":102475,"date":"2022-01-06T15:02:17","date_gmt":"2022-01-06T18:02:17","guid":{"rendered":"https:\/\/www.locoxelrojo.com\/independiente\/?p=102475"},"modified":"2022-01-07T09:18:10","modified_gmt":"2022-01-07T12:18:10","slug":"eduardo-dominguez-independiente-objetivos","status":"publish","type":"post","link":"https:\/\/www.locoxelrojo.com\/independiente\/2022\/01\/06\/eduardo-dominguez-independiente-objetivos\/","title":{"rendered":"Eduardo Dom\u00ednguez: &#8220;Queremos ser protagonistas por la historia del club&#8221;"},"content":{"rendered":"<p>Luego de conocer al plantel y dar inicio a la pretemporada, <strong>Eduardo Dom\u00ednguez brind\u00f3 una conferencia de prensa en Villa Dom\u00ednico donde habl\u00f3 de varios temas importantes.<\/strong> El entrenador cont\u00f3 su decisi\u00f3n de llegar al club, cu\u00e1les son sus objetivos durante este a\u00f1o y puntualiz\u00f3 sobre algunos jugadores que pueden irse en este mercado de pases.<\/p>\n<p><strong>&#8220;Eleg\u00ed Independiente por lo que es. Su historia, sus logros, los grand\u00edsimos jugadores y entrenadores que han pasado. S\u00e9 lo que es su gente, su hinchada y lo que genera la instituci\u00f3n. Queremos llevarlo nuevamente a lo m\u00e1s alto&#8221;,<\/strong> manifest\u00f3 el DT en el arranque de la conferencia.<\/p>\n<p><iframe loading=\"lazy\" style=\"border: none; overflow: hidden;\" src=\"https:\/\/www.facebook.com\/plugins\/video.php?height=314&amp;href=https%3A%2F%2Fwww.facebook.com%2FLocoXelRojoWeb%2Fvideos%2F2002471139922595%2F&amp;show_text=false&amp;width=560&amp;t=0\" width=\"560\" height=\"314\" frameborder=\"0\" scrolling=\"no\" allowfullscreen=\"allowfullscreen\"><\/iframe><\/p>\n<p>En relaci\u00f3n a eso, explic\u00f3 su visi\u00f3n del f\u00fatbol actual: <strong>&#8220;Deseamos estar a la altura. Si queremos pelear los torneos que disputemos, tenemos que ser ofensivos. El f\u00fatbol ha evolucionado y hay que entender el cambio. Ser protagonistas por la historia de la instituci\u00f3n e ir en b\u00fasqueda de esos t\u00edtulos&#8221;.<\/strong><\/p>\n<p>Y para finalizar, dej\u00f3 en claro el esfuerzo y compromiso en su trabajo: <strong>&#8220;Los hinchas y nosotros tenemos las expectativas muy altas. Prometemos trabajo, encontrar el equipo y que la gente sepa lo que va a ir a ver. Estoy muy agradecido por el lugar que ocupo&#8221;.<\/strong><\/p>\n<p><iframe loading=\"lazy\" style=\"border: none; overflow: hidden;\" src=\"https:\/\/www.facebook.com\/plugins\/video.php?height=314&amp;href=https%3A%2F%2Fwww.facebook.com%2FLocoXelRojoWeb%2Fvideos%2F611769886767053%2F&amp;show_text=false&amp;width=560&amp;t=0\" width=\"560\" height=\"314\" frameborder=\"0\" scrolling=\"no\" allowfullscreen=\"allowfullscreen\"><\/iframe><\/p>\n","protected":false},"excerpt":{"rendered":"<p>Luego de conocer al plantel y dar inicio a la pretemporada, Eduardo Dom\u00ednguez brind\u00f3 una conferencia de prensa en Villa Dom\u00ednico donde habl\u00f3 de varios temas importantes. El entrenador cont\u00f3 su decisi\u00f3n de llegar al club, cu\u00e1les son sus objetivos durante este a\u00f1o y puntualiz\u00f3 sobre algunos jugadores que pueden irse en este mercado de [&hellip;]<\/p>\n","protected":false},"author":14,"featured_media":102476,"comment_status":"open","ping_status":"closed","sticky":false,"template":"","format":"standard","meta":{"_links_to":"","_links_to_target":""},"categories":[3247,3],"tags":[153,2207,5105],"_links":{"self":[{"href":"https:\/\/www.locoxelrojo.com\/independiente\/wp-json\/wp\/v2\/posts\/102475"}],"collection":[{"href":"https:\/\/www.locoxelrojo.com\/independiente\/wp-json\/wp\/v2\/posts"}],"about":[{"href":"https:\/\/www.locoxelrojo.com\/independiente\/wp-json\/wp\/v2\/types\/post"}],"author":[{"embeddable":true,"href":"https:\/\/www.locoxelrojo.com\/independiente\/wp-json\/wp\/v2\/users\/14"}],"replies":[{"embeddable":true,"href":"https:\/\/www.locoxelrojo.com\/independiente\/wp-json\/wp\/v2\/comments?post=102475"}],"version-history":[{"count":3,"href":"https:\/\/www.locoxelrojo.com\/independiente\/wp-json\/wp\/v2\/posts\/102475\/revisions"}],"predecessor-version":[{"id":102496,"href":"https:\/\/www.locoxelrojo.com\/independiente\/wp-json\/wp\/v2\/posts\/102475\/revisions\/102496"}],"wp:featuredmedia":[{"embeddable":true,"href":"https:\/\/www.locoxelrojo.com\/independiente\/wp-json\/wp\/v2\/media\/102476"}],"wp:attachment":[{"href":"https:\/\/www.locoxelrojo.com\/independiente\/wp-json\/wp\/v2\/media?parent=102475"}],"wp:term":[{"taxonomy":"category","embeddable":true,"href":"https:\/\/www.locoxelrojo.com\/independiente\/wp-json\/wp\/v2\/categories?post=102475"},{"taxonomy":"post_tag","embeddable":true,"href":"https:\/\/www.locoxelrojo.com\/independiente\/wp-json\/wp\/v2\/tags?post=102475"}],"curies":[{"name":"wp","href":"https:\/\/api.w.org\/{rel}","templated":true}]}}