{"id":102488,"date":"2022-01-06T15:35:48","date_gmt":"2022-01-06T18:35:48","guid":{"rendered":"https:\/\/www.locoxelrojo.com\/independiente\/?p=102488"},"modified":"2022-01-08T15:27:08","modified_gmt":"2022-01-08T18:27:08","slug":"dominguez-sobre-silvio-romero","status":"publish","type":"post","link":"https:\/\/www.locoxelrojo.com\/independiente\/2022\/01\/06\/dominguez-sobre-silvio-romero\/","title":{"rendered":"Dom\u00ednguez sobre Silvio: &#8220;Si llega otro 9, \u00e9l se va a beneficiar&#8221;"},"content":{"rendered":"<p><strong>En su primera conferencia como t\u00e9cnico de Independiente, Eduardo Dom\u00ednguez opin\u00f3 sobre la chance de que Silvio Romero pueda irse en este mercado de pases.<\/strong><\/p>\n<p>Mucho se habl\u00f3 en los \u00faltimos d\u00edas sobre el posible adi\u00f3s del goleador. \u00c9l mismo pidi\u00f3 que escucharan ofertas por \u00e9l porque no ve con malos ojos cambiar de aire despu\u00e9s de cuatro a\u00f1os en el Rojo. Enseguida apareci\u00f3 <a href=\"https:\/\/www.locoxelrojo.com\/independiente\/2022\/01\/04\/desde-brasil-vienen-por-el-capitan\/\">el inter\u00e9s del Cear\u00e1 de Brasil<\/a>, pero todo qued\u00f3 en stand by porque faltaba la charla del nuevo DT con Silvio.<\/p>\n<p>Es sabido que Dom\u00ednguez pidi\u00f3 traer a otro centrodelantero, aunque eso no implica dejar ir a Romero. Este jueves, en su primera conferencia de prensa, Eduardo se mostr\u00f3 predispuesto a seguir contando con el delantero. <strong>&#8220;Si llega otro 9 para hacerle competencia, \u00e9l se va a beneficiar porque sabemos lo que es \u00e9l y lo que representa, es el capit\u00e1n y el goleador del equipo, uno de los que m\u00e1s goles tiene en Argentina&#8221;<\/strong>, desliz\u00f3.<\/p>\n<p><strong>&#8220;Sabemos lo que nos puede brindar y lo que le debemos exigir, pero ya va a depender de las charlas que tenga Silvio con la dirigencia para que \u00e9l est\u00e9 bien y contento&#8221;<\/strong>, agreg\u00f3 el entrenador sobre las negociaciones sobre el contrato del goleador, muy dif\u00edcil de sostener para el club.<\/p>\n<p>Luego, cerr\u00f3: <strong>&#8220;Nosotros estamos muy motivados y con mucha energ\u00eda en darle lo mejor a \u00e9l y queremos que est\u00e9 bien. Si \u00e9l est\u00e1 bien, nos puede dar mucho&#8221;<\/strong>.<\/p>\n<p>&nbsp;<\/p>\n","protected":false},"excerpt":{"rendered":"<p>En su primera conferencia como t\u00e9cnico de Independiente, Eduardo Dom\u00ednguez opin\u00f3 sobre la chance de que Silvio Romero pueda irse en este mercado de pases. Mucho se habl\u00f3 en los \u00faltimos d\u00edas sobre el posible adi\u00f3s del goleador. \u00c9l mismo pidi\u00f3 que escucharan ofertas por \u00e9l porque no ve con malos ojos cambiar de aire [&hellip;]<\/p>\n","protected":false},"author":8,"featured_media":102490,"comment_status":"open","ping_status":"closed","sticky":false,"template":"","format":"standard","meta":{"_links_to":"","_links_to_target":""},"categories":[3247,3],"tags":[153,2207,1806],"_links":{"self":[{"href":"https:\/\/www.locoxelrojo.com\/independiente\/wp-json\/wp\/v2\/posts\/102488"}],"collection":[{"href":"https:\/\/www.locoxelrojo.com\/independiente\/wp-json\/wp\/v2\/posts"}],"about":[{"href":"https:\/\/www.locoxelrojo.com\/independiente\/wp-json\/wp\/v2\/types\/post"}],"author":[{"embeddable":true,"href":"https:\/\/www.locoxelrojo.com\/independiente\/wp-json\/wp\/v2\/users\/8"}],"replies":[{"embeddable":true,"href":"https:\/\/www.locoxelrojo.com\/independiente\/wp-json\/wp\/v2\/comments?post=102488"}],"version-history":[{"count":2,"href":"https:\/\/www.locoxelrojo.com\/independiente\/wp-json\/wp\/v2\/posts\/102488\/revisions"}],"predecessor-version":[{"id":102491,"href":"https:\/\/www.locoxelrojo.com\/independiente\/wp-json\/wp\/v2\/posts\/102488\/revisions\/102491"}],"wp:featuredmedia":[{"embeddable":true,"href":"https:\/\/www.locoxelrojo.com\/independiente\/wp-json\/wp\/v2\/media\/102490"}],"wp:attachment":[{"href":"https:\/\/www.locoxelrojo.com\/independiente\/wp-json\/wp\/v2\/media?parent=102488"}],"wp:term":[{"taxonomy":"category","embeddable":true,"href":"https:\/\/www.locoxelrojo.com\/independiente\/wp-json\/wp\/v2\/categories?post=102488"},{"taxonomy":"post_tag","embeddable":true,"href":"https:\/\/www.locoxelrojo.com\/independiente\/wp-json\/wp\/v2\/tags?post=102488"}],"curies":[{"name":"wp","href":"https:\/\/api.w.org\/{rel}","templated":true}]}}