{"id":102644,"date":"2022-01-15T11:12:40","date_gmt":"2022-01-15T14:12:40","guid":{"rendered":"https:\/\/www.locoxelrojo.com\/independiente\/?p=102644"},"modified":"2022-01-15T11:12:40","modified_gmt":"2022-01-15T14:12:40","slug":"sosa-cerca-del-arreglo","status":"publish","type":"post","link":"https:\/\/www.locoxelrojo.com\/independiente\/2022\/01\/15\/sosa-cerca-del-arreglo\/","title":{"rendered":"Sosa: &#8220;Estamos por cerrar los \u00faltimos detalles con Independiente&#8221;"},"content":{"rendered":"<p><strong>Sebasti\u00e1n Sosa<\/strong> ya se encuentra en Argentina y est\u00e1 decidido a continuar en Independiente. <strong>Ambas partes avanzan en la firma de un nuevo contrato. <\/strong><\/p>\n<p>Uno de los deseos de Eduardo Dom\u00ednguez era poder contar con Sosa en el arco del Rojo. <strong>El DT puede quedarse tranquilo que eso est\u00e1 muy cerca de ocurrir.<\/strong> <a href=\"https:\/\/www.locoxelrojo.com\/independiente\/2022\/01\/13\/se-encamina-el-futuro-de-sosa\/\">Ya con el pase en su poder al lograr la desvinculaci\u00f3n de Mazatl\u00e1n<\/a> y al haber descartado atajar en Pe\u00f1arol, <strong>el uruguayo peg\u00f3 la vuelta al pa\u00eds y acelera con Independiente.<\/strong><\/p>\n<p><strong>&#8220;Estamos por cerrar los \u00faltimos detalles&#8221;<\/strong>, cont\u00f3 en di\u00e1logo con Vamos que vamos. Y tal es as\u00ed, que se dio una vuelta por el predio para conversar con el entrenador. <strong>&#8220;Dominguez es un t\u00e9cnico ganador y son cosas que motivan e ilusionan. Esperemos que sea un equipo competitivo&#8221;<\/strong>, cerr\u00f3.<\/p>\n<p>Por el lado del club <strong>afirman que todo est\u00e1 cerrado y que el arquero est\u00e1 con ganas de ponerse a disposici\u00f3n de Dom\u00ednguez lo m\u00e1s r\u00e1pido posible.<\/strong> Un problema menos&#8230;<\/p>\n","protected":false},"excerpt":{"rendered":"<p>Sebasti\u00e1n Sosa ya se encuentra en Argentina y est\u00e1 decidido a continuar en Independiente. Ambas partes avanzan en la firma de un nuevo contrato. Uno de los deseos de Eduardo Dom\u00ednguez era poder contar con Sosa en el arco del Rojo. El DT puede quedarse tranquilo que eso est\u00e1 muy cerca de ocurrir. Ya con [&hellip;]<\/p>\n","protected":false},"author":1,"featured_media":99622,"comment_status":"open","ping_status":"closed","sticky":false,"template":"","format":"standard","meta":{"_links_to":"","_links_to_target":""},"categories":[3280,3247],"tags":[153,4645],"_links":{"self":[{"href":"https:\/\/www.locoxelrojo.com\/independiente\/wp-json\/wp\/v2\/posts\/102644"}],"collection":[{"href":"https:\/\/www.locoxelrojo.com\/independiente\/wp-json\/wp\/v2\/posts"}],"about":[{"href":"https:\/\/www.locoxelrojo.com\/independiente\/wp-json\/wp\/v2\/types\/post"}],"author":[{"embeddable":true,"href":"https:\/\/www.locoxelrojo.com\/independiente\/wp-json\/wp\/v2\/users\/1"}],"replies":[{"embeddable":true,"href":"https:\/\/www.locoxelrojo.com\/independiente\/wp-json\/wp\/v2\/comments?post=102644"}],"version-history":[{"count":1,"href":"https:\/\/www.locoxelrojo.com\/independiente\/wp-json\/wp\/v2\/posts\/102644\/revisions"}],"predecessor-version":[{"id":102645,"href":"https:\/\/www.locoxelrojo.com\/independiente\/wp-json\/wp\/v2\/posts\/102644\/revisions\/102645"}],"wp:featuredmedia":[{"embeddable":true,"href":"https:\/\/www.locoxelrojo.com\/independiente\/wp-json\/wp\/v2\/media\/99622"}],"wp:attachment":[{"href":"https:\/\/www.locoxelrojo.com\/independiente\/wp-json\/wp\/v2\/media?parent=102644"}],"wp:term":[{"taxonomy":"category","embeddable":true,"href":"https:\/\/www.locoxelrojo.com\/independiente\/wp-json\/wp\/v2\/categories?post=102644"},{"taxonomy":"post_tag","embeddable":true,"href":"https:\/\/www.locoxelrojo.com\/independiente\/wp-json\/wp\/v2\/tags?post=102644"}],"curies":[{"name":"wp","href":"https:\/\/api.w.org\/{rel}","templated":true}]}}