{"id":102702,"date":"2022-01-18T12:43:08","date_gmt":"2022-01-18T15:43:08","guid":{"rendered":"https:\/\/www.locoxelrojo.com\/independiente\/?p=102702"},"modified":"2022-01-18T12:43:08","modified_gmt":"2022-01-18T15:43:08","slug":"la-situacion-del-arco-de-independiente-debuta-bacchia","status":"publish","type":"post","link":"https:\/\/www.locoxelrojo.com\/independiente\/2022\/01\/18\/la-situacion-del-arco-de-independiente-debuta-bacchia\/","title":{"rendered":"La situaci\u00f3n del arco de Independiente: Debuta Bacchia"},"content":{"rendered":"<p>Entre la falta de refuerzos, lesiones y coronavirus, a Eduardo Dom\u00ednguez se le complica armar un equipo <strong>y el arco no es la excepci\u00f3n, por lo que esta noche en el amistoso ante Talleres debutar\u00e1 Renzo Bacchia.<\/strong> Explicamos la situaci\u00f3n del arco del Rojo.<\/p>\n<p><strong>Sebasti\u00e1n Sosa<\/strong>, due\u00f1o del puesto, finaliz\u00f3 su v\u00ednculo con el club el 31 de diciembre pero, pese al inter\u00e9s de Pe\u00f1arol de repatriarlo, <strong>su intenci\u00f3n en seguir en Avellaneda.<\/strong> Para ello, <strong>deb\u00eda desvincularse del Mazatl\u00e1n de M\u00e9xico<\/strong> para tener el pase en su poder y, <a href=\"https:\/\/www.locoxelrojo.com\/independiente\/2022\/01\/15\/sosa-cerca-del-arreglo\/\">si bien parec\u00eda todo arreglado<\/a>, <strong>queda abonar un resarcimiento por ello.<\/strong> Adem\u00e1s, <strong>tiene que acordar su nuevo contrato con la instituci\u00f3n.<\/strong> Mientras, estando en Argentina, <strong>el 1 no puede entrenarse con el plantel por restricci\u00f3n de los mexicanos.<\/strong><\/p>\n<p>Por su parte, <strong>Milton \u00c1lvarez, arquero suplente que jug\u00f3 ante San Lorenzo el s\u00e1bado y que sigue analizando su continuidad<\/strong>, ligado de la mano a lo que suceda con Sosa porque quiere sumar m\u00e1s minutos, <strong><a href=\"https:\/\/www.locoxelrojo.com\/independiente\/2022\/01\/17\/mas-casos-de-coronavirus-en-el-plantel\/\">se volvi\u00f3 a contagiar de COVID-19<\/a> y estar\u00e1 un tiempo ausente.<\/strong><\/p>\n<p>Por ende, quien jugar\u00e1 desde el arranque hoy contra la T ser\u00e1 <strong>Bacchia, que tendr\u00e1 su debut total en el Rey de Copas<\/strong> (no jug\u00f3 oficialmente ni amistosos). <strong>El uruguayo de 22 a\u00f1os lleg\u00f3 al Rojo en 2018, fue internacional con la Selecci\u00f3n de Uruguay Sub-20 y es el capit\u00e1n de la Reserva.<\/strong> En el banco estar\u00e1 <strong>Diego Segovia<\/strong> como sustituto.<\/p>\n<p><iframe loading=\"lazy\" title=\"YouTube video player\" src=\"https:\/\/www.youtube.com\/embed\/bZewXlXOq6w\" width=\"560\" height=\"315\" frameborder=\"0\" allowfullscreen=\"allowfullscreen\"><\/iframe><\/p>\n","protected":false},"excerpt":{"rendered":"<p>Entre la falta de refuerzos, lesiones y coronavirus, a Eduardo Dom\u00ednguez se le complica armar un equipo y el arco no es la excepci\u00f3n, por lo que esta noche en el amistoso ante Talleres debutar\u00e1 Renzo Bacchia. Explicamos la situaci\u00f3n del arco del Rojo. Sebasti\u00e1n Sosa, due\u00f1o del puesto, finaliz\u00f3 su v\u00ednculo con el club [&hellip;]<\/p>\n","protected":false},"author":101017,"featured_media":102703,"comment_status":"open","ping_status":"closed","sticky":false,"template":"","format":"standard","meta":{"_links_to":"","_links_to_target":""},"categories":[3247,3],"tags":[153,4429,2207,3956,3958,4645],"_links":{"self":[{"href":"https:\/\/www.locoxelrojo.com\/independiente\/wp-json\/wp\/v2\/posts\/102702"}],"collection":[{"href":"https:\/\/www.locoxelrojo.com\/independiente\/wp-json\/wp\/v2\/posts"}],"about":[{"href":"https:\/\/www.locoxelrojo.com\/independiente\/wp-json\/wp\/v2\/types\/post"}],"author":[{"embeddable":true,"href":"https:\/\/www.locoxelrojo.com\/independiente\/wp-json\/wp\/v2\/users\/101017"}],"replies":[{"embeddable":true,"href":"https:\/\/www.locoxelrojo.com\/independiente\/wp-json\/wp\/v2\/comments?post=102702"}],"version-history":[{"count":1,"href":"https:\/\/www.locoxelrojo.com\/independiente\/wp-json\/wp\/v2\/posts\/102702\/revisions"}],"predecessor-version":[{"id":102704,"href":"https:\/\/www.locoxelrojo.com\/independiente\/wp-json\/wp\/v2\/posts\/102702\/revisions\/102704"}],"wp:featuredmedia":[{"embeddable":true,"href":"https:\/\/www.locoxelrojo.com\/independiente\/wp-json\/wp\/v2\/media\/102703"}],"wp:attachment":[{"href":"https:\/\/www.locoxelrojo.com\/independiente\/wp-json\/wp\/v2\/media?parent=102702"}],"wp:term":[{"taxonomy":"category","embeddable":true,"href":"https:\/\/www.locoxelrojo.com\/independiente\/wp-json\/wp\/v2\/categories?post=102702"},{"taxonomy":"post_tag","embeddable":true,"href":"https:\/\/www.locoxelrojo.com\/independiente\/wp-json\/wp\/v2\/tags?post=102702"}],"curies":[{"name":"wp","href":"https:\/\/api.w.org\/{rel}","templated":true}]}}