{"id":102732,"date":"2022-01-18T23:00:40","date_gmt":"2022-01-19T02:00:40","guid":{"rendered":"https:\/\/www.locoxelrojo.com\/independiente\/?p=102732"},"modified":"2022-01-19T00:20:52","modified_gmt":"2022-01-19T03:20:52","slug":"velasco-independiente-va-a-estar-siempre-en-mi-corazon","status":"publish","type":"post","link":"https:\/\/www.locoxelrojo.com\/independiente\/2022\/01\/18\/velasco-independiente-va-a-estar-siempre-en-mi-corazon\/","title":{"rendered":"Velasco: &#8220;Independiente va a estar siempre en mi coraz\u00f3n&#8221;"},"content":{"rendered":"<p><strong>Alan Velasco<\/strong> disput\u00f3, probablemente, <strong>su \u00faltimo partido con la camiseta de Independiente y fue la gran figura con dos goles y una asistencia.<\/strong> El delantero habl\u00f3 al finalizar el encuentro ante Talleres y <strong>se lo not\u00f3 visiblemente emocionado.<\/strong><\/p>\n<p><strong>&#8220;Estoy enfocado ac\u00e1. Estoy desde los 9 a\u00f1os y son sensaciones raras las que se me cruzan. Es toda una vida, van a ser 10 a\u00f1os. Si se tiene que dar algo, ojal\u00e1 sea lo mejor para el club y para m\u00ed. Independiente va a estar siempre en mi coraz\u00f3n&#8221;<\/strong>, arranc\u00f3 declarando la Joya sobre su probable venta a la MLS.<\/p>\n<p>Adem\u00e1s, le envi\u00f3 un mensaje al hincha del Rojo: <strong>&#8220;Siempre que me toc\u00f3 vestir la camiseta quise dar lo mejor. Si me toca marcharme, estoy agradecido al hincha&#8221;.<\/strong><\/p>\n<p>Por \u00faltimo, el futbolista analiz\u00f3 el triunfo del conjunto de Avellaneda: <strong>&#8220;El equipo hizo un gran trabajo, qued\u00f3 demostrado en el resultado. Es nuestro segundo partido, en la pretemporada nos enfocamos en la preparaci\u00f3n f\u00edsica. El grupo est\u00e1 encontrando la idea que quiere el t\u00e9cnico y eso es importante para todos&#8221;.<\/strong><\/p>\n<blockquote class=\"twitter-tweet\">\n<p dir=\"ltr\" lang=\"es\">\u00bfQui\u00e9n otro pod\u00eda ser la figura? Alan Velasco, autor de un doblete ante Talleres, se llev\u00f3 el premio al mejor jugador del partido y le dej\u00f3 un mensaje a los hinchas de Independiente por su posible salida. <a href=\"https:\/\/twitter.com\/hashtag\/MiraloEnStarPlus?src=hash&amp;ref_src=twsrc%5Etfw\">#MiraloEnStarPlus<\/a> &#x1f37f;&#x1f4fa; <a href=\"https:\/\/twitter.com\/StarPlusLA?ref_src=twsrc%5Etfw\">@StarPlusLA<\/a> <a href=\"https:\/\/t.co\/vq94c8A51Q\">pic.twitter.com\/vq94c8A51Q<\/a><\/p>\n<p>\u2014 ESPN F\u00fatbol Argentina (@ESPNFutbolArg) <a href=\"https:\/\/twitter.com\/ESPNFutbolArg\/status\/1483624064354816004?ref_src=twsrc%5Etfw\">January 19, 2022<\/a><\/p><\/blockquote>\n<p><script async src=\"https:\/\/platform.twitter.com\/widgets.js\" charset=\"utf-8\"><\/script><\/p>\n","protected":false},"excerpt":{"rendered":"<p>Alan Velasco disput\u00f3, probablemente, su \u00faltimo partido con la camiseta de Independiente y fue la gran figura con dos goles y una asistencia. El delantero habl\u00f3 al finalizar el encuentro ante Talleres y se lo not\u00f3 visiblemente emocionado. &#8220;Estoy enfocado ac\u00e1. Estoy desde los 9 a\u00f1os y son sensaciones raras las que se me cruzan. [&hellip;]<\/p>\n","protected":false},"author":101029,"featured_media":102735,"comment_status":"open","ping_status":"closed","sticky":false,"template":"","format":"standard","meta":{"_links_to":"","_links_to_target":""},"categories":[3247,3],"tags":[3560,153,4519,529,1222],"_links":{"self":[{"href":"https:\/\/www.locoxelrojo.com\/independiente\/wp-json\/wp\/v2\/posts\/102732"}],"collection":[{"href":"https:\/\/www.locoxelrojo.com\/independiente\/wp-json\/wp\/v2\/posts"}],"about":[{"href":"https:\/\/www.locoxelrojo.com\/independiente\/wp-json\/wp\/v2\/types\/post"}],"author":[{"embeddable":true,"href":"https:\/\/www.locoxelrojo.com\/independiente\/wp-json\/wp\/v2\/users\/101029"}],"replies":[{"embeddable":true,"href":"https:\/\/www.locoxelrojo.com\/independiente\/wp-json\/wp\/v2\/comments?post=102732"}],"version-history":[{"count":1,"href":"https:\/\/www.locoxelrojo.com\/independiente\/wp-json\/wp\/v2\/posts\/102732\/revisions"}],"predecessor-version":[{"id":102737,"href":"https:\/\/www.locoxelrojo.com\/independiente\/wp-json\/wp\/v2\/posts\/102732\/revisions\/102737"}],"wp:featuredmedia":[{"embeddable":true,"href":"https:\/\/www.locoxelrojo.com\/independiente\/wp-json\/wp\/v2\/media\/102735"}],"wp:attachment":[{"href":"https:\/\/www.locoxelrojo.com\/independiente\/wp-json\/wp\/v2\/media?parent=102732"}],"wp:term":[{"taxonomy":"category","embeddable":true,"href":"https:\/\/www.locoxelrojo.com\/independiente\/wp-json\/wp\/v2\/categories?post=102732"},{"taxonomy":"post_tag","embeddable":true,"href":"https:\/\/www.locoxelrojo.com\/independiente\/wp-json\/wp\/v2\/tags?post=102732"}],"curies":[{"name":"wp","href":"https:\/\/api.w.org\/{rel}","templated":true}]}}