{"id":102778,"date":"2022-01-19T16:30:41","date_gmt":"2022-01-19T19:30:41","guid":{"rendered":"https:\/\/www.locoxelrojo.com\/independiente\/?p=102778"},"modified":"2022-01-19T16:30:41","modified_gmt":"2022-01-19T19:30:41","slug":"blanco-fue-operado-con-exito-y-estara-un-mes-y-medio-fuera","status":"publish","type":"post","link":"https:\/\/www.locoxelrojo.com\/independiente\/2022\/01\/19\/blanco-fue-operado-con-exito-y-estara-un-mes-y-medio-fuera\/","title":{"rendered":"Blanco fue operado con \u00e9xito y estar\u00e1 un mes y medio fuera"},"content":{"rendered":"<p><strong>Domingo Blanco fue operador en su rodilla tras la lesi\u00f3n sufrida en el primer encuentro amistoso de la temporada<\/strong>, <a href=\"https:\/\/www.locoxelrojo.com\/independiente\/2022\/01\/15\/mal-comienzo-de-ano\/\">en la derrota por la m\u00ednima ante San Lorenzo<\/a> <strong>y comenzar\u00e1 su rehabilitaci\u00f3n.<\/strong><\/p>\n<p>Mingo tuvo que retirarse a los <a href=\"https:\/\/www.locoxelrojo.com\/independiente\/2022\/01\/15\/dos-titulares-averiados\/\">37 minutos del primer tiempo<\/a> y el <a href=\"https:\/\/www.locoxelrojo.com\/independiente\/2022\/01\/18\/parte-medico-barreto-desgarrado-y-blanco-con-sinovitis\/\">primer diagn\u00f3stico parec\u00eda ser una sinovitis<\/a>. Sin embargo, <strong>se realiz\u00f3 m\u00e1s estudios y arroj\u00f3 una lesi\u00f3n en el cuerno posterior del menisco externo de su rodilla izquierda, por lo que fue intervenido este mi\u00e9rcoles por la ma\u00f1ana por el Dr. Daniel Martins.<\/strong><\/p>\n<p>Ahora, tras unos d\u00edas de reposo y los respectivos controles, <strong>el volante comenzar\u00e1 con su recuperaci\u00f3n el pr\u00f3ximo lunes y el plazo aproximado que estar\u00e1 fuera de las canchas ser\u00e1 de 45 d\u00edas, perdi\u00e9ndose una gran parte de la Copa de la Liga.<\/strong> Malas noticias para Eduardo Dom\u00ednguez.<\/p>\n","protected":false},"excerpt":{"rendered":"<p>Domingo Blanco fue operador en su rodilla tras la lesi\u00f3n sufrida en el primer encuentro amistoso de la temporada, en la derrota por la m\u00ednima ante San Lorenzo y comenzar\u00e1 su rehabilitaci\u00f3n. Mingo tuvo que retirarse a los 37 minutos del primer tiempo y el primer diagn\u00f3stico parec\u00eda ser una sinovitis. Sin embargo, se realiz\u00f3 [&hellip;]<\/p>\n","protected":false},"author":101017,"featured_media":102780,"comment_status":"open","ping_status":"closed","sticky":false,"template":"","format":"standard","meta":{"_links_to":"","_links_to_target":""},"categories":[3247,3],"tags":[153,2958,4508],"_links":{"self":[{"href":"https:\/\/www.locoxelrojo.com\/independiente\/wp-json\/wp\/v2\/posts\/102778"}],"collection":[{"href":"https:\/\/www.locoxelrojo.com\/independiente\/wp-json\/wp\/v2\/posts"}],"about":[{"href":"https:\/\/www.locoxelrojo.com\/independiente\/wp-json\/wp\/v2\/types\/post"}],"author":[{"embeddable":true,"href":"https:\/\/www.locoxelrojo.com\/independiente\/wp-json\/wp\/v2\/users\/101017"}],"replies":[{"embeddable":true,"href":"https:\/\/www.locoxelrojo.com\/independiente\/wp-json\/wp\/v2\/comments?post=102778"}],"version-history":[{"count":1,"href":"https:\/\/www.locoxelrojo.com\/independiente\/wp-json\/wp\/v2\/posts\/102778\/revisions"}],"predecessor-version":[{"id":102781,"href":"https:\/\/www.locoxelrojo.com\/independiente\/wp-json\/wp\/v2\/posts\/102778\/revisions\/102781"}],"wp:featuredmedia":[{"embeddable":true,"href":"https:\/\/www.locoxelrojo.com\/independiente\/wp-json\/wp\/v2\/media\/102780"}],"wp:attachment":[{"href":"https:\/\/www.locoxelrojo.com\/independiente\/wp-json\/wp\/v2\/media?parent=102778"}],"wp:term":[{"taxonomy":"category","embeddable":true,"href":"https:\/\/www.locoxelrojo.com\/independiente\/wp-json\/wp\/v2\/categories?post=102778"},{"taxonomy":"post_tag","embeddable":true,"href":"https:\/\/www.locoxelrojo.com\/independiente\/wp-json\/wp\/v2\/tags?post=102778"}],"curies":[{"name":"wp","href":"https:\/\/api.w.org\/{rel}","templated":true}]}}