{"id":102949,"date":"2022-01-28T10:02:19","date_gmt":"2022-01-28T13:02:19","guid":{"rendered":"https:\/\/www.locoxelrojo.com\/independiente\/?p=102949"},"modified":"2022-01-28T10:02:55","modified_gmt":"2022-01-28T13:02:55","slug":"como-le-fue-cuando-se-fue-del-rojo","status":"publish","type":"post","link":"https:\/\/www.locoxelrojo.com\/independiente\/2022\/01\/28\/como-le-fue-cuando-se-fue-del-rojo\/","title":{"rendered":"\u00bfC\u00f3mo le fue cuando se fue del Rojo?"},"content":{"rendered":"<p><strong>Leandro Fern\u00e1ndez<\/strong> <a href=\"https:\/\/www.locoxelrojo.com\/independiente\/2022\/01\/27\/leandro-fernandez-acordo-su-vuelta-a-independiente\/\">volver\u00e1 a vestir la camiseta de Independiente.<\/a> El delantero, que se fue libre del Rey de Copas al finalizar su v\u00ednculo contractual a mediados del 2020,<strong> sigui\u00f3 su carrera en Internacional de Porto Alegre y Nacional de Uruguay. Repasamos sus n\u00fameros.<\/strong><\/p>\n<p>En el equipo brasile\u00f1o tuvo un paso discreto, <strong>donde disput\u00f3 17 encuentros (7 como titular), anot\u00f3 1 solo gol por la Copa de Brasil y dio 2 asistencias.<\/strong><\/p>\n<p><iframe loading=\"lazy\" title=\"YouTube video player\" src=\"https:\/\/www.youtube.com\/embed\/nzO5eDKOxHs?start=33\" width=\"560\" height=\"315\" frameborder=\"0\" allowfullscreen=\"allowfullscreen\"><\/iframe><\/p>\n<p>Luego lleg\u00f3 el turno del conjunto uruguayo, en donde sus n\u00fameros fueron mejores. <strong>Particip\u00f3 en 32 partidos (26 desde el arranque), aportando 10 tantos y 9 pases de gol.<\/strong><\/p>\n<p><iframe loading=\"lazy\" title=\"YouTube video player\" src=\"https:\/\/www.youtube.com\/embed\/fQk7WwTwgII\" width=\"560\" height=\"315\" frameborder=\"0\" allowfullscreen=\"allowfullscreen\"><\/iframe><\/p>\n<p>El delantero tendr\u00e1 su tercer ciclo como jugador de Independiente. <a href=\"https:\/\/www.locoxelrojo.com\/independiente\/2022\/01\/26\/asi-juega-batallini-los-numeros-de-su-carrera\/\">Junto a Dami\u00e1n Batallini<\/a>, <a href=\"https:\/\/www.locoxelrojo.com\/independiente\/2022\/01\/25\/primer-refuerzo-independiente-hizo-oficial-la-llegada-de-batallini\/\">el otro refuerzo<\/a> concretado para el plantel de Eduardo Dom\u00ednguez, <strong>intentar\u00e1n suplir los goles y la generaci\u00f3n ofensiva que cumpl\u00edan Silvio Romero y Alan Velasco.<\/strong><\/p>\n<p><iframe loading=\"lazy\" title=\"YouTube video player\" src=\"https:\/\/www.youtube.com\/embed\/JGveB6nwmDA\" width=\"560\" height=\"315\" frameborder=\"0\" allowfullscreen=\"allowfullscreen\"><\/iframe><\/p>\n","protected":false},"excerpt":{"rendered":"<p>Leandro Fern\u00e1ndez volver\u00e1 a vestir la camiseta de Independiente. El delantero, que se fue libre del Rey de Copas al finalizar su v\u00ednculo contractual a mediados del 2020, sigui\u00f3 su carrera en Internacional de Porto Alegre y Nacional de Uruguay. Repasamos sus n\u00fameros. En el equipo brasile\u00f1o tuvo un paso discreto, donde disput\u00f3 17 encuentros [&hellip;]<\/p>\n","protected":false},"author":101029,"featured_media":102950,"comment_status":"open","ping_status":"closed","sticky":false,"template":"","format":"standard","meta":{"_links_to":"","_links_to_target":""},"categories":[1989,3247],"tags":[153,4936,2921,5122,1808],"_links":{"self":[{"href":"https:\/\/www.locoxelrojo.com\/independiente\/wp-json\/wp\/v2\/posts\/102949"}],"collection":[{"href":"https:\/\/www.locoxelrojo.com\/independiente\/wp-json\/wp\/v2\/posts"}],"about":[{"href":"https:\/\/www.locoxelrojo.com\/independiente\/wp-json\/wp\/v2\/types\/post"}],"author":[{"embeddable":true,"href":"https:\/\/www.locoxelrojo.com\/independiente\/wp-json\/wp\/v2\/users\/101029"}],"replies":[{"embeddable":true,"href":"https:\/\/www.locoxelrojo.com\/independiente\/wp-json\/wp\/v2\/comments?post=102949"}],"version-history":[{"count":1,"href":"https:\/\/www.locoxelrojo.com\/independiente\/wp-json\/wp\/v2\/posts\/102949\/revisions"}],"predecessor-version":[{"id":102951,"href":"https:\/\/www.locoxelrojo.com\/independiente\/wp-json\/wp\/v2\/posts\/102949\/revisions\/102951"}],"wp:featuredmedia":[{"embeddable":true,"href":"https:\/\/www.locoxelrojo.com\/independiente\/wp-json\/wp\/v2\/media\/102950"}],"wp:attachment":[{"href":"https:\/\/www.locoxelrojo.com\/independiente\/wp-json\/wp\/v2\/media?parent=102949"}],"wp:term":[{"taxonomy":"category","embeddable":true,"href":"https:\/\/www.locoxelrojo.com\/independiente\/wp-json\/wp\/v2\/categories?post=102949"},{"taxonomy":"post_tag","embeddable":true,"href":"https:\/\/www.locoxelrojo.com\/independiente\/wp-json\/wp\/v2\/tags?post=102949"}],"curies":[{"name":"wp","href":"https:\/\/api.w.org\/{rel}","templated":true}]}}