{"id":102966,"date":"2022-01-28T17:26:18","date_gmt":"2022-01-28T20:26:18","guid":{"rendered":"https:\/\/www.locoxelrojo.com\/independiente\/?p=102966"},"modified":"2022-01-28T17:26:18","modified_gmt":"2022-01-28T20:26:18","slug":"se-enfria-vigo-y-piensan-en-salazar","status":"publish","type":"post","link":"https:\/\/www.locoxelrojo.com\/independiente\/2022\/01\/28\/se-enfria-vigo-y-piensan-en-salazar\/","title":{"rendered":"Se enfr\u00eda Vigo y piensan en Salazar"},"content":{"rendered":"<p>Luego de la inminente salida de Fabricio Bustos y con poco recambio en el lateral derecho, <strong>Eduardo Dom\u00ednguez y la dirigencia buscan un defensor para reforzar ese sector del equipo.\u00a0 La principal opci\u00f3n se enfri\u00f3 y por eso apareci\u00f3 una plan B.<\/strong><\/p>\n<p>Las negociaciones entre Independiente y River para concretar la llegada de Alex Vigo estaban avanzadas y restaban detalles para que se concrete el arribo del ex Col\u00f3n aunque en las \u00faltimas horas <strong>desde el Millonario descartaron la opci\u00f3n de un pr\u00e9stamo con opci\u00f3n y s\u00f3lo saldr\u00eda por una venta en un cifra cercana al mill\u00f3n y medio de d\u00f3lares.<\/strong><\/p>\n<p>Esto genero que el pase quede en stand by mientras se consulta por otras opciones para ese puesto. En el d\u00eda de ayer surgi\u00f3 el nombre de <strong>V\u00edctor Salazar, actualmente en Olimpia de Paraguay<\/strong>, quien podr\u00eda desprenderse del ex futbolista de Rosario Central. <strong>Lo cierto es que Montenegro se comunic\u00f3 con su representante y expres\u00f3 su deseo de comenzar a negociar su llegada.<\/strong><\/p>\n<p>Por lo pronto, tras la reuni\u00f3n, desde el Rey de Copas quedaron en realizar una primera oferta por el defensor de 28 a\u00f1os. <strong>Se intentar\u00e1 conseguir un pr\u00e9stamo con cargo y una opci\u00f3n de compra.<\/strong><\/p>\n","protected":false},"excerpt":{"rendered":"<p>Luego de la inminente salida de Fabricio Bustos y con poco recambio en el lateral derecho, Eduardo Dom\u00ednguez y la dirigencia buscan un defensor para reforzar ese sector del equipo.\u00a0 La principal opci\u00f3n se enfri\u00f3 y por eso apareci\u00f3 una plan B. Las negociaciones entre Independiente y River para concretar la llegada de Alex Vigo [&hellip;]<\/p>\n","protected":false},"author":14,"featured_media":102967,"comment_status":"open","ping_status":"closed","sticky":false,"template":"","format":"standard","meta":{"_links_to":"","_links_to_target":""},"categories":[3247,3],"tags":[5121,153,1665,3196],"_links":{"self":[{"href":"https:\/\/www.locoxelrojo.com\/independiente\/wp-json\/wp\/v2\/posts\/102966"}],"collection":[{"href":"https:\/\/www.locoxelrojo.com\/independiente\/wp-json\/wp\/v2\/posts"}],"about":[{"href":"https:\/\/www.locoxelrojo.com\/independiente\/wp-json\/wp\/v2\/types\/post"}],"author":[{"embeddable":true,"href":"https:\/\/www.locoxelrojo.com\/independiente\/wp-json\/wp\/v2\/users\/14"}],"replies":[{"embeddable":true,"href":"https:\/\/www.locoxelrojo.com\/independiente\/wp-json\/wp\/v2\/comments?post=102966"}],"version-history":[{"count":1,"href":"https:\/\/www.locoxelrojo.com\/independiente\/wp-json\/wp\/v2\/posts\/102966\/revisions"}],"predecessor-version":[{"id":102968,"href":"https:\/\/www.locoxelrojo.com\/independiente\/wp-json\/wp\/v2\/posts\/102966\/revisions\/102968"}],"wp:featuredmedia":[{"embeddable":true,"href":"https:\/\/www.locoxelrojo.com\/independiente\/wp-json\/wp\/v2\/media\/102967"}],"wp:attachment":[{"href":"https:\/\/www.locoxelrojo.com\/independiente\/wp-json\/wp\/v2\/media?parent=102966"}],"wp:term":[{"taxonomy":"category","embeddable":true,"href":"https:\/\/www.locoxelrojo.com\/independiente\/wp-json\/wp\/v2\/categories?post=102966"},{"taxonomy":"post_tag","embeddable":true,"href":"https:\/\/www.locoxelrojo.com\/independiente\/wp-json\/wp\/v2\/tags?post=102966"}],"curies":[{"name":"wp","href":"https:\/\/api.w.org\/{rel}","templated":true}]}}