{"id":10298,"date":"2011-08-18T16:11:17","date_gmt":"2011-08-18T19:11:17","guid":{"rendered":"http:\/\/www.locoxelrojo.com.ar\/independiente\/?p=10298"},"modified":"2015-09-15T00:09:58","modified_gmt":"2015-09-15T03:09:58","slug":"lista-de-concentrados-vs-pincha","status":"publish","type":"post","link":"https:\/\/www.locoxelrojo.com\/independiente\/2011\/08\/18\/lista-de-concentrados-vs-pincha\/","title":{"rendered":"Concentrados vs. Estudiantes"},"content":{"rendered":"<p><a href=\"http:\/\/www.locoxelrojo.com.ar\/independiente\/wp-content\/uploads\/2011\/08\/fparra.jpg\"><img loading=\"lazy\" class=\"alignnone size-full wp-image-10299\" title=\"fparra\" src=\"http:\/\/www.locoxelrojo.com.ar\/independiente\/wp-content\/uploads\/2011\/08\/fparra.jpg\" alt=\"\" width=\"590\" height=\"315\" srcset=\"https:\/\/locoxelrojo.com\/independiente\/wp-content\/uploads\/2011\/08\/fparra.jpg 590w, https:\/\/locoxelrojo.com\/independiente\/wp-content\/uploads\/2011\/08\/fparra-300x160.jpg 300w\" sizes=\"(max-width: 590px) 100vw, 590px\" \/><\/a><\/p>\n<p>Antonio Mohamed entreg\u00f3 la lista de concentrados para el partido frente a Estudiantes. El Turco decidi\u00f3 guardar a varios de los titulares pensando en el partido de vuelta por la Recopa Sudamericana frente al Inter de Porto Alegre.<\/p>\n<p>Hilario Navarro, Eduardo Tuzzio, Maximiliano Vel\u00e1zquez, Cristian Pellerano y Hern\u00e1n Fredes son los habituales titulares que no figuran en la lista. Juli\u00e1n Vel\u00e1zquez si concentra pero su lugar en el equipo lo podr\u00eda ocupar Javier B\u00e1ez.<\/p>\n<p>Quien vuelve luego de la lesi\u00f3n es Facundo Parra. El delantero ya est\u00e1 recuperado y busca sumar minutos para llegar en \u00f3ptimas condiciones para el partido en Brasil.<\/p>\n<p><strong>Lista de Concentrados:<\/strong><\/p>\n<p><strong>Arqueros:<\/strong> Fabi\u00e1n Assmann, Adri\u00e1n Gabbarini.<\/p>\n<p><strong>Defensores:<\/strong> Juli\u00e1n Vel\u00e1zquez, Cristian B\u00e1ez, Gabriel Milito, Gabriel Vall\u00e9s, Nicol\u00e1s Delmonte, Iv\u00e1n V\u00e9lez, Adri\u00e1n Argach\u00e1.<\/p>\n<p><strong>Volantes:<\/strong> Fernando Godoy, Iv\u00e1n P\u00e9rez, Nicol\u00e1s Cabrera, Roberto Batti\u00f3n, Osmar Ferreyra.<\/p>\n<p><strong>Delanteros:<\/strong> Mat\u00edas Defederico, Gino Clara, Brian Nieva, Facundo Parra, Leonel N\u00fa\u00f1ez y Marco P\u00e9rez.<\/p>\n<p>El plantel ma\u00f1ana trabaja a puertas cerradas y sin atenci\u00f3n a la prensa en el predio de Santo Domingo. Luego los jugadores ya quedaran concentrados esperando el partido del s\u00e1bado frente a Estudiantes en el Libertadores de Am\u00e9rica a las 21 hs.<\/p>\n","protected":false},"excerpt":{"rendered":"<p>Antonio Mohamed entreg\u00f3 la lista de concentrados para el partido frente a Estudiantes. El Turco decidi\u00f3 guardar a varios de los titulares pensando en el partido de vuelta por la Recopa Sudamericana frente al Inter de Porto Alegre. Hilario Navarro, Eduardo Tuzzio, Maximiliano Vel\u00e1zquez, Cristian Pellerano y Hern\u00e1n Fredes son los habituales titulares que no [&hellip;]<\/p>\n","protected":false},"author":1,"featured_media":0,"comment_status":"open","ping_status":"open","sticky":false,"template":"","format":"standard","meta":{"_links_to":"","_links_to_target":""},"categories":[3,1],"tags":[972,153,2761],"_links":{"self":[{"href":"https:\/\/www.locoxelrojo.com\/independiente\/wp-json\/wp\/v2\/posts\/10298"}],"collection":[{"href":"https:\/\/www.locoxelrojo.com\/independiente\/wp-json\/wp\/v2\/posts"}],"about":[{"href":"https:\/\/www.locoxelrojo.com\/independiente\/wp-json\/wp\/v2\/types\/post"}],"author":[{"embeddable":true,"href":"https:\/\/www.locoxelrojo.com\/independiente\/wp-json\/wp\/v2\/users\/1"}],"replies":[{"embeddable":true,"href":"https:\/\/www.locoxelrojo.com\/independiente\/wp-json\/wp\/v2\/comments?post=10298"}],"version-history":[{"count":0,"href":"https:\/\/www.locoxelrojo.com\/independiente\/wp-json\/wp\/v2\/posts\/10298\/revisions"}],"wp:attachment":[{"href":"https:\/\/www.locoxelrojo.com\/independiente\/wp-json\/wp\/v2\/media?parent=10298"}],"wp:term":[{"taxonomy":"category","embeddable":true,"href":"https:\/\/www.locoxelrojo.com\/independiente\/wp-json\/wp\/v2\/categories?post=10298"},{"taxonomy":"post_tag","embeddable":true,"href":"https:\/\/www.locoxelrojo.com\/independiente\/wp-json\/wp\/v2\/tags?post=10298"}],"curies":[{"name":"wp","href":"https:\/\/api.w.org\/{rel}","templated":true}]}}