{"id":102981,"date":"2022-01-29T16:51:18","date_gmt":"2022-01-29T19:51:18","guid":{"rendered":"https:\/\/www.locoxelrojo.com\/independiente\/?p=102981"},"modified":"2022-01-29T16:51:18","modified_gmt":"2022-01-29T19:51:18","slug":"primera-vs-reserva","status":"publish","type":"post","link":"https:\/\/www.locoxelrojo.com\/independiente\/2022\/01\/29\/primera-vs-reserva\/","title":{"rendered":"Primera vs. Reserva"},"content":{"rendered":"<p><strong>El plantel de Independiente diput\u00f3 unos amistosos este s\u00e1bado por la ma\u00f1ana ante la Reserva misma del Rojo<\/strong> en el estadio Libertadores de Am\u00e9rica &#8211; Ricardo Enrique Bochini para seguir agarrando ritmo.<\/p>\n<p><strong>Fueron 2 partidos de 60 minutos.<\/strong> En el primero, los comandados por<strong> Eduardo Dom\u00ednguez<\/strong> salieron con: <strong>Milton \u00c1lvarez; Gonzalo Asis, Joaqu\u00edn Laso, Juan Insaurralde, Thomas Ortega; Carlos Benavidez, Lucas Romero, Alan So\u00f1ora; Andr\u00e9s Roa, David Sayago y Gast\u00f3n Togni.<\/strong><\/p>\n<p>Por su parte, el conjunto de <strong>Claudio Graf<\/strong> form\u00f3 con: <strong>Renzo Bacchia; Facundo Lando; Axel Poza (Fernando Ch\u00e1vez), Joaqu\u00edn Leites, Nehu\u00e9n Garc\u00eda; Rodrigo Atencio, Sergio Ortiz, Ramiro Lobo; Ignacio Medina, Javier Vallejo y Santiago Ayala.<\/strong> El resultado del encuentro fue <strong>triunfo 4-0 de los profesionales con doblete de Sayago, uno de Togni y el \u00faltimo en contra.<\/strong><\/p>\n<p>En el segundo cotejo, los 11 de los de Primera fueron: <strong>Diego Segovia; Mart\u00edn Gonz\u00e1lez, Mauro Zurita, Patricio Ostachuk, Ayrton Costa; Mat\u00edas Sosa, Juan Pacchini, Tom\u00e1s Pozzo; Rodrigo M\u00e1rquez, Juan Zarza y Dami\u00e1n Batallini.<\/strong> Luego ingresaron<strong> Juli\u00e1n Romero<\/strong> por Batallini <strong>y Rodrigo Soria<\/strong> por Segovia.<\/p>\n<p>Mientras que los pibes alinearon: <strong>Manuel Tasso; Leandro Barrera, Serrizuela, Fernando Ch\u00e1vez, Enzo Franco (Nehu\u00e9n Garc\u00eda); Fernando Da Rosa, Pablo Soriano, Valent\u00edn Tapia; Joel Gonz\u00e1lez, Bernardo Lorenzetti y \u00c1ngel Mart\u00ednez.<\/strong> Aqu\u00ed, el marcador fue el mismo con <strong>goleada 4-0 para los de Edu con tantos de Zarza, Pozzo, Sosa y Romero.<\/strong><\/p>\n<p>Ahora, <strong>el grupo tendr\u00e1 el resto del d\u00eda y el domingo libre y volver\u00e1n a verse las caras el lunes en Villa Dom\u00ednico para continuar la puesta a punto.<\/strong><\/p>\n<blockquote class=\"twitter-tweet\">\n<p dir=\"ltr\" lang=\"es\">Alan &#x26bd;&#xfe0f;<\/p>\n<p>Ma\u00f1ana de f\u00fatbol en el lugar m\u00e1s lindo del mundo. Ensayo entre el Plantel Profesional y Reserva &#x1f64c;&#x1f3fb;<a href=\"https:\/\/twitter.com\/hashtag\/TodoRojo?src=hash&amp;ref_src=twsrc%5Etfw\">#TodoRojo<\/a> &#x1f534; <a href=\"https:\/\/t.co\/cO91ocfEdB\">pic.twitter.com\/cO91ocfEdB<\/a><\/p>\n<p>\u2014 C. A. Independiente (@Independiente) <a href=\"https:\/\/twitter.com\/Independiente\/status\/1487425611295760385?ref_src=twsrc%5Etfw\">January 29, 2022<\/a><\/p><\/blockquote>\n<p><script async src=\"https:\/\/platform.twitter.com\/widgets.js\" charset=\"utf-8\"><\/script><\/p>\n","protected":false},"excerpt":{"rendered":"<p>El plantel de Independiente diput\u00f3 unos amistosos este s\u00e1bado por la ma\u00f1ana ante la Reserva misma del Rojo en el estadio Libertadores de Am\u00e9rica &#8211; Ricardo Enrique Bochini para seguir agarrando ritmo. Fueron 2 partidos de 60 minutos. En el primero, los comandados por Eduardo Dom\u00ednguez salieron con: Milton \u00c1lvarez; Gonzalo Asis, Joaqu\u00edn Laso, Juan [&hellip;]<\/p>\n","protected":false},"author":101017,"featured_media":102982,"comment_status":"open","ping_status":"closed","sticky":false,"template":"","format":"standard","meta":{"_links_to":"","_links_to_target":""},"categories":[3247,3],"tags":[2245,5106,153,2207,5090,745,3270],"_links":{"self":[{"href":"https:\/\/www.locoxelrojo.com\/independiente\/wp-json\/wp\/v2\/posts\/102981"}],"collection":[{"href":"https:\/\/www.locoxelrojo.com\/independiente\/wp-json\/wp\/v2\/posts"}],"about":[{"href":"https:\/\/www.locoxelrojo.com\/independiente\/wp-json\/wp\/v2\/types\/post"}],"author":[{"embeddable":true,"href":"https:\/\/www.locoxelrojo.com\/independiente\/wp-json\/wp\/v2\/users\/101017"}],"replies":[{"embeddable":true,"href":"https:\/\/www.locoxelrojo.com\/independiente\/wp-json\/wp\/v2\/comments?post=102981"}],"version-history":[{"count":1,"href":"https:\/\/www.locoxelrojo.com\/independiente\/wp-json\/wp\/v2\/posts\/102981\/revisions"}],"predecessor-version":[{"id":102983,"href":"https:\/\/www.locoxelrojo.com\/independiente\/wp-json\/wp\/v2\/posts\/102981\/revisions\/102983"}],"wp:featuredmedia":[{"embeddable":true,"href":"https:\/\/www.locoxelrojo.com\/independiente\/wp-json\/wp\/v2\/media\/102982"}],"wp:attachment":[{"href":"https:\/\/www.locoxelrojo.com\/independiente\/wp-json\/wp\/v2\/media?parent=102981"}],"wp:term":[{"taxonomy":"category","embeddable":true,"href":"https:\/\/www.locoxelrojo.com\/independiente\/wp-json\/wp\/v2\/categories?post=102981"},{"taxonomy":"post_tag","embeddable":true,"href":"https:\/\/www.locoxelrojo.com\/independiente\/wp-json\/wp\/v2\/tags?post=102981"}],"curies":[{"name":"wp","href":"https:\/\/api.w.org\/{rel}","templated":true}]}}