{"id":102992,"date":"2022-01-31T12:00:24","date_gmt":"2022-01-31T15:00:24","guid":{"rendered":"https:\/\/www.locoxelrojo.com\/independiente\/?p=102992"},"modified":"2022-01-31T13:39:33","modified_gmt":"2022-01-31T16:39:33","slug":"arranco-la-venta-de-abonos-para-el-primer-semestre","status":"publish","type":"post","link":"https:\/\/www.locoxelrojo.com\/independiente\/2022\/01\/31\/arranco-la-venta-de-abonos-para-el-primer-semestre\/","title":{"rendered":"Arranc\u00f3 la venta de Abonos para el primer semestre"},"content":{"rendered":"<p>A pocos d\u00edas del comienzo de la competencia, la dirigencia de Independiente anunci\u00f3 el arranque de la venta de abonos para el primer semestre de la temporada 2022. <strong>Enterate c\u00f3mo reservar tu lugar y cu\u00e1nto cuesta ver al Rey de Copas.<\/strong><\/p>\n<p>La espera por ver al equipo de Eduardo Dom\u00ednguez est\u00e1 cerca de llegar a su fin ya que en poco m\u00e1s de 10 d\u00edas empezar\u00e1 la Copa de la Liga 2022. <strong>Es por eso que desde el club informaron los precios y toda la informaci\u00f3n para asegurarse un lugar en el Libertadores de Am\u00e9rica Ricardo Enrique Bochini durante el primer semestre.<\/strong><\/p>\n<p><strong>Cabe destacar que seguir\u00e1n vigentes algunas promociones como el 4&#215;3 y un 25% de descuento para vitalicios y menores de 17 a\u00f1os inclusive. Adem\u00e1s, quienes tengan su abono tendr\u00e1n prioridad para reservar su lugar en los partidos internacionales de Copa Sudamericana.<\/strong><\/p>\n<p>Desde este lunes se pueden adquirir los abonos ya sea <strong>de forma presencial en las Sedes de Avellaneda y Capital Federal como de manera online en el sitio web <a href=\"https:\/\/socios.clubaindependiente.com.ar.\">https:\/\/socios.clubaindependiente.com.ar.<\/a><\/strong><\/p>\n<p><strong>Horarios de atenci\u00f3n al p\u00fablico: <\/strong><\/p>\n<p>Sede Social Avellaneda &#8211; Avenida Mitre 470 \/ Sede Social Capital Federal &#8211; Avenida Boyac\u00e1 470.<\/p>\n<p>Lunes a viernes de 11 a 18 hs y s\u00e1bados de 9 a 13.<\/p>\n<p>El tr\u00e1mite se puede hacer completamente online y elegir entre recibir el abono a domicilio o retirarlo en cualquiera de las sedes<\/p>\n<p><strong>Precios para el primer semestre 2022:<\/strong><\/p>\n<p><a href=\"https:\/\/locoxelrojo.com\/independiente\/wp-content\/uploads\/2022\/01\/abonosok2.jpg\"><img loading=\"lazy\" class=\"alignnone size-large wp-image-102997\" src=\"https:\/\/locoxelrojo.com\/independiente\/wp-content\/uploads\/2022\/01\/abonosok2-1024x1024.jpg\" alt=\"\" width=\"696\" height=\"696\" srcset=\"https:\/\/locoxelrojo.com\/independiente\/wp-content\/uploads\/2022\/01\/abonosok2-1024x1024.jpg 1024w, https:\/\/locoxelrojo.com\/independiente\/wp-content\/uploads\/2022\/01\/abonosok2-300x300.jpg 300w, https:\/\/locoxelrojo.com\/independiente\/wp-content\/uploads\/2022\/01\/abonosok2-150x150.jpg 150w, https:\/\/locoxelrojo.com\/independiente\/wp-content\/uploads\/2022\/01\/abonosok2-768x768.jpg 768w, https:\/\/locoxelrojo.com\/independiente\/wp-content\/uploads\/2022\/01\/abonosok2-696x696.jpg 696w, https:\/\/locoxelrojo.com\/independiente\/wp-content\/uploads\/2022\/01\/abonosok2-1068x1068.jpg 1068w, https:\/\/locoxelrojo.com\/independiente\/wp-content\/uploads\/2022\/01\/abonosok2-420x420.jpg 420w, https:\/\/locoxelrojo.com\/independiente\/wp-content\/uploads\/2022\/01\/abonosok2.jpg 1201w\" sizes=\"(max-width: 696px) 100vw, 696px\" \/><\/a><\/p>\n","protected":false},"excerpt":{"rendered":"<p>A pocos d\u00edas del comienzo de la competencia, la dirigencia de Independiente anunci\u00f3 el arranque de la venta de abonos para el primer semestre de la temporada 2022. Enterate c\u00f3mo reservar tu lugar y cu\u00e1nto cuesta ver al Rey de Copas. La espera por ver al equipo de Eduardo Dom\u00ednguez est\u00e1 cerca de llegar a [&hellip;]<\/p>\n","protected":false},"author":14,"featured_media":101684,"comment_status":"open","ping_status":"closed","sticky":false,"template":"","format":"standard","meta":{"_links_to":"","_links_to_target":""},"categories":[3247,4],"tags":[4991,3201],"_links":{"self":[{"href":"https:\/\/www.locoxelrojo.com\/independiente\/wp-json\/wp\/v2\/posts\/102992"}],"collection":[{"href":"https:\/\/www.locoxelrojo.com\/independiente\/wp-json\/wp\/v2\/posts"}],"about":[{"href":"https:\/\/www.locoxelrojo.com\/independiente\/wp-json\/wp\/v2\/types\/post"}],"author":[{"embeddable":true,"href":"https:\/\/www.locoxelrojo.com\/independiente\/wp-json\/wp\/v2\/users\/14"}],"replies":[{"embeddable":true,"href":"https:\/\/www.locoxelrojo.com\/independiente\/wp-json\/wp\/v2\/comments?post=102992"}],"version-history":[{"count":1,"href":"https:\/\/www.locoxelrojo.com\/independiente\/wp-json\/wp\/v2\/posts\/102992\/revisions"}],"predecessor-version":[{"id":102998,"href":"https:\/\/www.locoxelrojo.com\/independiente\/wp-json\/wp\/v2\/posts\/102992\/revisions\/102998"}],"wp:featuredmedia":[{"embeddable":true,"href":"https:\/\/www.locoxelrojo.com\/independiente\/wp-json\/wp\/v2\/media\/101684"}],"wp:attachment":[{"href":"https:\/\/www.locoxelrojo.com\/independiente\/wp-json\/wp\/v2\/media?parent=102992"}],"wp:term":[{"taxonomy":"category","embeddable":true,"href":"https:\/\/www.locoxelrojo.com\/independiente\/wp-json\/wp\/v2\/categories?post=102992"},{"taxonomy":"post_tag","embeddable":true,"href":"https:\/\/www.locoxelrojo.com\/independiente\/wp-json\/wp\/v2\/tags?post=102992"}],"curies":[{"name":"wp","href":"https:\/\/api.w.org\/{rel}","templated":true}]}}