{"id":102999,"date":"2022-01-31T17:25:32","date_gmt":"2022-01-31T20:25:32","guid":{"rendered":"https:\/\/www.locoxelrojo.com\/independiente\/?p=102999"},"modified":"2022-01-31T17:25:32","modified_gmt":"2022-01-31T20:25:32","slug":"l-fernandez-era-un-deseo-volver-a-independiente","status":"publish","type":"post","link":"https:\/\/www.locoxelrojo.com\/independiente\/2022\/01\/31\/l-fernandez-era-un-deseo-volver-a-independiente\/","title":{"rendered":"L. Fern\u00e1ndez: &#8220;Era un deseo volver a Independiente&#8221;"},"content":{"rendered":"<p><strong>Leandro Fern\u00e1ndez<\/strong> <a href=\"https:\/\/www.locoxelrojo.com\/independiente\/2022\/01\/31\/leandro-fernandez-fue-presentado-como-nuevo-refuerzo\/\">fue oficialmente presentado como el segundo refuerzo de Independiente<\/a> y <strong>esboz\u00f3 sus primeras palabras como nuevo jugador del Rojo.<\/strong><\/p>\n<p><strong>&#8220;Tanto yo como mi familia estamos contentos con esta decisi\u00f3n. Estoy feliz de estar ac\u00e1&#8221;<\/strong>, comenz\u00f3 diciendo el delantero y agreg\u00f3: <strong>&#8220;Era un deseo volver a Independiente. Quer\u00eda tener otra oportunidad. Ten\u00eda otras posibilidades pero tanto yo como mi representante quisimos venir ac\u00e1&#8221;.<\/strong><\/p>\n<p>En la misma l\u00ednea, el jugador le habl\u00f3 a la hinchada y explic\u00f3 detalles de su partida en 2020: <strong>&#8220;El hincha ya me conoce, sabe como soy y como me manejo. Vamos a trabajar con el equipo para tratar de que sea un buen a\u00f1o para Independiente. Quiz\u00e1s hubo cosas que la gente no sab\u00eda. Justo nos hab\u00eda agarrado la pandemia, yo ofrec\u00ed renovar con el club, no se pudo por la situaci\u00f3n econ\u00f3mica del pa\u00eds&#8221;.<\/strong><\/p>\n<p>Tambi\u00e9n, en di\u00e1logo con Radio La Red, se refiri\u00f3 al nuevo DT del Rey de Copas y su rol en el equipo: <strong>&#8220;Habl\u00e9 con (Eduardo) Dom\u00ednguez y me dijo la forma en la que trabajaba y lo que pod\u00eda llegar a esperar de m\u00ed. Ojal\u00e1 que me pueda adaptar con (Dami\u00e1n) Batallini y los que est\u00e1n de mitad de cancha para adelante&#8221;.<\/strong><\/p>\n<p>Para cerrar, Lean cont\u00f3 como est\u00e1 f\u00edsica y futbol\u00edsticamente: <strong>&#8220;En Brasil jugu\u00e9 poco pero en Uruguay si jugu\u00e9 mucho, en un club como Nacional que me ha tratado muy bien. Sigo siendo el mismo, tengo que volver a conocer a mis compa\u00f1eros, a los chicos y meterles para adelante. F\u00edsicamente estoy bien, estuve entrenando todo enero en casa&#8221;.<\/strong><\/p>\n","protected":false},"excerpt":{"rendered":"<p>Leandro Fern\u00e1ndez fue oficialmente presentado como el segundo refuerzo de Independiente y esboz\u00f3 sus primeras palabras como nuevo jugador del Rojo. &#8220;Tanto yo como mi familia estamos contentos con esta decisi\u00f3n. Estoy feliz de estar ac\u00e1&#8221;, comenz\u00f3 diciendo el delantero y agreg\u00f3: &#8220;Era un deseo volver a Independiente. Quer\u00eda tener otra oportunidad. Ten\u00eda otras posibilidades [&hellip;]<\/p>\n","protected":false},"author":101017,"featured_media":102994,"comment_status":"open","ping_status":"closed","sticky":false,"template":"","format":"standard","meta":{"_links_to":"","_links_to_target":""},"categories":[3280,3247],"tags":[153,4519,2921],"_links":{"self":[{"href":"https:\/\/www.locoxelrojo.com\/independiente\/wp-json\/wp\/v2\/posts\/102999"}],"collection":[{"href":"https:\/\/www.locoxelrojo.com\/independiente\/wp-json\/wp\/v2\/posts"}],"about":[{"href":"https:\/\/www.locoxelrojo.com\/independiente\/wp-json\/wp\/v2\/types\/post"}],"author":[{"embeddable":true,"href":"https:\/\/www.locoxelrojo.com\/independiente\/wp-json\/wp\/v2\/users\/101017"}],"replies":[{"embeddable":true,"href":"https:\/\/www.locoxelrojo.com\/independiente\/wp-json\/wp\/v2\/comments?post=102999"}],"version-history":[{"count":1,"href":"https:\/\/www.locoxelrojo.com\/independiente\/wp-json\/wp\/v2\/posts\/102999\/revisions"}],"predecessor-version":[{"id":103002,"href":"https:\/\/www.locoxelrojo.com\/independiente\/wp-json\/wp\/v2\/posts\/102999\/revisions\/103002"}],"wp:featuredmedia":[{"embeddable":true,"href":"https:\/\/www.locoxelrojo.com\/independiente\/wp-json\/wp\/v2\/media\/102994"}],"wp:attachment":[{"href":"https:\/\/www.locoxelrojo.com\/independiente\/wp-json\/wp\/v2\/media?parent=102999"}],"wp:term":[{"taxonomy":"category","embeddable":true,"href":"https:\/\/www.locoxelrojo.com\/independiente\/wp-json\/wp\/v2\/categories?post=102999"},{"taxonomy":"post_tag","embeddable":true,"href":"https:\/\/www.locoxelrojo.com\/independiente\/wp-json\/wp\/v2\/tags?post=102999"}],"curies":[{"name":"wp","href":"https:\/\/api.w.org\/{rel}","templated":true}]}}