{"id":103003,"date":"2022-01-31T18:59:02","date_gmt":"2022-01-31T21:59:02","guid":{"rendered":"https:\/\/www.locoxelrojo.com\/independiente\/?p=103003"},"modified":"2022-02-01T01:02:26","modified_gmt":"2022-02-01T04:02:26","slug":"dominguez-recupera-un-soldado-importante","status":"publish","type":"post","link":"https:\/\/www.locoxelrojo.com\/independiente\/2022\/01\/31\/dominguez-recupera-un-soldado-importante\/","title":{"rendered":"Dom\u00ednguez recupera un soldado importante"},"content":{"rendered":"<p>El plantel de Independiente arranc\u00f3 otra nueva semana de pretemporada en Villa Dominico y se encontr\u00f3 con una buena noticia: <strong>Sergio Barreto volvi\u00f3 a ser parte de los entrenamientos.<\/strong><\/p>\n<p>Barreto super\u00f3 el Covid-19 y <strong>ya est\u00e1 a disposici\u00f3n de Eduardo Dom\u00ednguez para continuar la puesta a punto de cara al debut en la Copa de la Liga Profesional<\/strong>, que ser\u00e1 el d\u00eda s\u00e1bado 12 de febrero frente a Estudiantes de La Plata en el estadio UNO.<\/p>\n<p>Las pr\u00e1cticas continuar\u00e1n en doble turno, hasta el momento con dos refuerzos: <strong>Dami\u00e1n Batallini y Leandro Fern\u00e1ndez<\/strong>. Mientras tanto, Dom\u00ednguez est\u00e1 a la espera de poder seguir avanzando en el mercado de pases.<\/p>\n","protected":false},"excerpt":{"rendered":"<p>El plantel de Independiente arranc\u00f3 otra nueva semana de pretemporada en Villa Dominico y se encontr\u00f3 con una buena noticia: Sergio Barreto volvi\u00f3 a ser parte de los entrenamientos. Barreto super\u00f3 el Covid-19 y ya est\u00e1 a disposici\u00f3n de Eduardo Dom\u00ednguez para continuar la puesta a punto de cara al debut en la Copa de [&hellip;]<\/p>\n","protected":false},"author":101029,"featured_media":103005,"comment_status":"open","ping_status":"closed","sticky":false,"template":"","format":"standard","meta":{"_links_to":"","_links_to_target":""},"categories":[3247,3],"tags":[153,2207,26,3696,172],"_links":{"self":[{"href":"https:\/\/www.locoxelrojo.com\/independiente\/wp-json\/wp\/v2\/posts\/103003"}],"collection":[{"href":"https:\/\/www.locoxelrojo.com\/independiente\/wp-json\/wp\/v2\/posts"}],"about":[{"href":"https:\/\/www.locoxelrojo.com\/independiente\/wp-json\/wp\/v2\/types\/post"}],"author":[{"embeddable":true,"href":"https:\/\/www.locoxelrojo.com\/independiente\/wp-json\/wp\/v2\/users\/101029"}],"replies":[{"embeddable":true,"href":"https:\/\/www.locoxelrojo.com\/independiente\/wp-json\/wp\/v2\/comments?post=103003"}],"version-history":[{"count":1,"href":"https:\/\/www.locoxelrojo.com\/independiente\/wp-json\/wp\/v2\/posts\/103003\/revisions"}],"predecessor-version":[{"id":103004,"href":"https:\/\/www.locoxelrojo.com\/independiente\/wp-json\/wp\/v2\/posts\/103003\/revisions\/103004"}],"wp:featuredmedia":[{"embeddable":true,"href":"https:\/\/www.locoxelrojo.com\/independiente\/wp-json\/wp\/v2\/media\/103005"}],"wp:attachment":[{"href":"https:\/\/www.locoxelrojo.com\/independiente\/wp-json\/wp\/v2\/media?parent=103003"}],"wp:term":[{"taxonomy":"category","embeddable":true,"href":"https:\/\/www.locoxelrojo.com\/independiente\/wp-json\/wp\/v2\/categories?post=103003"},{"taxonomy":"post_tag","embeddable":true,"href":"https:\/\/www.locoxelrojo.com\/independiente\/wp-json\/wp\/v2\/tags?post=103003"}],"curies":[{"name":"wp","href":"https:\/\/api.w.org\/{rel}","templated":true}]}}