{"id":103031,"date":"2022-02-03T15:42:17","date_gmt":"2022-02-03T18:42:17","guid":{"rendered":"https:\/\/www.locoxelrojo.com\/independiente\/?p=103031"},"modified":"2022-02-07T20:59:45","modified_gmt":"2022-02-07T23:59:45","slug":"un-regreso-y-dos-diferenciados","status":"publish","type":"post","link":"https:\/\/www.locoxelrojo.com\/independiente\/2022\/02\/03\/un-regreso-y-dos-diferenciados\/","title":{"rendered":"Un regreso y dos diferenciados"},"content":{"rendered":"<p><strong>Independiente contin\u00faa con los entrenamientos de pretemporada. Este jueves, el equipo entren\u00f3 por la ma\u00f1ana y qued\u00f3 descansando en el predio para completar el doble turno por la tarde.<\/strong><\/p>\n<p>Luego de la doble fecha de Eliminatorias Sudamericanas,<strong> Sebasti\u00e1n Sosa volvi\u00f3 a entrenarse<\/strong> bajo las \u00f3rdenes del cuerpo t\u00e9cnico del Rey de Copas. El arquero no sum\u00f3 minutos en la Selecci\u00f3n de Uruguay.<\/p>\n<p>Por su parte, dos jugadores se entrenaron de manera diferenciada. Se trata de <strong>Domingo Blanco y Santiago Vel\u00e1squez<\/strong>, quienes contin\u00faan con sus respectivas recuperaciones.<\/p>\n<p>El conjunto de Eduardo Dom\u00ednguez sigue trabajando con la mirada puesta en el <strong>12 de febrero, d\u00eda en que har\u00e1 su debut<\/strong> en la Copa de la Liga frente a Estudiantes de La Plata en el estadio UNO.<\/p>\n","protected":false},"excerpt":{"rendered":"<p>Independiente contin\u00faa con los entrenamientos de pretemporada. Este jueves, el equipo entren\u00f3 por la ma\u00f1ana y qued\u00f3 descansando en el predio para completar el doble turno por la tarde. Luego de la doble fecha de Eliminatorias Sudamericanas, Sebasti\u00e1n Sosa volvi\u00f3 a entrenarse bajo las \u00f3rdenes del cuerpo t\u00e9cnico del Rey de Copas. El arquero no [&hellip;]<\/p>\n","protected":false},"author":101029,"featured_media":103035,"comment_status":"open","ping_status":"closed","sticky":false,"template":"","format":"standard","meta":{"_links_to":"","_links_to_target":""},"categories":[3247,3],"tags":[2958,26,4398,4645,172],"_links":{"self":[{"href":"https:\/\/www.locoxelrojo.com\/independiente\/wp-json\/wp\/v2\/posts\/103031"}],"collection":[{"href":"https:\/\/www.locoxelrojo.com\/independiente\/wp-json\/wp\/v2\/posts"}],"about":[{"href":"https:\/\/www.locoxelrojo.com\/independiente\/wp-json\/wp\/v2\/types\/post"}],"author":[{"embeddable":true,"href":"https:\/\/www.locoxelrojo.com\/independiente\/wp-json\/wp\/v2\/users\/101029"}],"replies":[{"embeddable":true,"href":"https:\/\/www.locoxelrojo.com\/independiente\/wp-json\/wp\/v2\/comments?post=103031"}],"version-history":[{"count":4,"href":"https:\/\/www.locoxelrojo.com\/independiente\/wp-json\/wp\/v2\/posts\/103031\/revisions"}],"predecessor-version":[{"id":103036,"href":"https:\/\/www.locoxelrojo.com\/independiente\/wp-json\/wp\/v2\/posts\/103031\/revisions\/103036"}],"wp:featuredmedia":[{"embeddable":true,"href":"https:\/\/www.locoxelrojo.com\/independiente\/wp-json\/wp\/v2\/media\/103035"}],"wp:attachment":[{"href":"https:\/\/www.locoxelrojo.com\/independiente\/wp-json\/wp\/v2\/media?parent=103031"}],"wp:term":[{"taxonomy":"category","embeddable":true,"href":"https:\/\/www.locoxelrojo.com\/independiente\/wp-json\/wp\/v2\/categories?post=103031"},{"taxonomy":"post_tag","embeddable":true,"href":"https:\/\/www.locoxelrojo.com\/independiente\/wp-json\/wp\/v2\/tags?post=103031"}],"curies":[{"name":"wp","href":"https:\/\/api.w.org\/{rel}","templated":true}]}}