{"id":103064,"date":"2022-02-04T21:33:36","date_gmt":"2022-02-05T00:33:36","guid":{"rendered":"https:\/\/www.locoxelrojo.com\/independiente\/?p=103064"},"modified":"2022-02-07T20:53:07","modified_gmt":"2022-02-07T23:53:07","slug":"dominguez-si-hay-un-millon-para-gaich-por-que-no-podemos-traer-a-marcone","status":"publish","type":"post","link":"https:\/\/www.locoxelrojo.com\/independiente\/2022\/02\/04\/dominguez-si-hay-un-millon-para-gaich-por-que-no-podemos-traer-a-marcone\/","title":{"rendered":"Dom\u00ednguez: &#8220;Si hay un mill\u00f3n para Gaich, \u00bfpor qu\u00e9 no podemos traer a Marcone?&#8221;"},"content":{"rendered":"<p><strong>Eduardo Dom\u00ednguez le meti\u00f3 presi\u00f3n a la dirigencia para que Iv\u00e1n Marcone sea refuerzo de Independiente en este mercado de pases.<\/strong><\/p>\n<p>El t\u00e9cnico tuvo una reuni\u00f3n con los dirigentes en la que marc\u00f3 sus prioridades para reforzar al equipo. Dej\u00f3 en claro que <strong>Mart\u00edn Cauteruccio y Mat\u00edas Tissera son sus preferencias en el ataque por encima de Adolfo Gaich<\/strong>, quien es una apuesta de la dirigencia. Justamente el caso del ex San Lorenzo le dio pie a Dom\u00ednguez para hacer un pedido m\u00e1s, en este caso para el mediocampo: traer a Marcone.<\/p>\n<p>El volante juega en el Elche de Espa\u00f1a y varias veces manifest\u00f3 sus ganas de jugar en el club de sus amores, pero por una cosa o por otra, nunca se dio. Ahora se meti\u00f3 el propio DT en el asunto: <strong>consciente del gasto que la dirigencia quiere hacer por un delantero que \u00e9l no les pidi\u00f3, sugiri\u00f3 que gasten ese dinero en incorporar al mediocampista fan\u00e1tico del Rojo<\/strong>.<\/p>\n<p><strong>&#8220;\u00bfPor qu\u00e9 descartar a Marcone? Si hay un mill\u00f3n de d\u00f3lares para traer a Gaich, \u00bfpor qu\u00e9 no podemos traer a Marcone que quiere venir? Me lo pregunto en voz alta. Yo ya les dije a los dirigentes qu\u00e9 pensaba sobre eso&#8221;<\/strong>, sentenci\u00f3 Dom\u00ednguez en charla con<em> Radio Continental<\/em>.<\/p>\n<p>Ahora la pelota la tienen los dirigentes. Habr\u00e1 que esperar para ver si esta vez ir\u00e1n a fondo por Marcone para cumplirle al t\u00e9cnico <strong>o<\/strong> <strong>si har\u00e1n o\u00eddos sordos y usar\u00e1n esa plata para traer a un futbolista que no es prioridad para Dom\u00ednguez.<\/strong><\/p>\n","protected":false},"excerpt":{"rendered":"<p>Eduardo Dom\u00ednguez le meti\u00f3 presi\u00f3n a la dirigencia para que Iv\u00e1n Marcone sea refuerzo de Independiente en este mercado de pases. El t\u00e9cnico tuvo una reuni\u00f3n con los dirigentes en la que marc\u00f3 sus prioridades para reforzar al equipo. Dej\u00f3 en claro que Mart\u00edn Cauteruccio y Mat\u00edas Tissera son sus preferencias en el ataque por [&hellip;]<\/p>\n","protected":false},"author":8,"featured_media":103066,"comment_status":"open","ping_status":"closed","sticky":false,"template":"","format":"standard","meta":{"_links_to":"","_links_to_target":""},"categories":[3280,3247],"tags":[153,2207,2729,1665],"_links":{"self":[{"href":"https:\/\/www.locoxelrojo.com\/independiente\/wp-json\/wp\/v2\/posts\/103064"}],"collection":[{"href":"https:\/\/www.locoxelrojo.com\/independiente\/wp-json\/wp\/v2\/posts"}],"about":[{"href":"https:\/\/www.locoxelrojo.com\/independiente\/wp-json\/wp\/v2\/types\/post"}],"author":[{"embeddable":true,"href":"https:\/\/www.locoxelrojo.com\/independiente\/wp-json\/wp\/v2\/users\/8"}],"replies":[{"embeddable":true,"href":"https:\/\/www.locoxelrojo.com\/independiente\/wp-json\/wp\/v2\/comments?post=103064"}],"version-history":[{"count":5,"href":"https:\/\/www.locoxelrojo.com\/independiente\/wp-json\/wp\/v2\/posts\/103064\/revisions"}],"predecessor-version":[{"id":103123,"href":"https:\/\/www.locoxelrojo.com\/independiente\/wp-json\/wp\/v2\/posts\/103064\/revisions\/103123"}],"wp:featuredmedia":[{"embeddable":true,"href":"https:\/\/www.locoxelrojo.com\/independiente\/wp-json\/wp\/v2\/media\/103066"}],"wp:attachment":[{"href":"https:\/\/www.locoxelrojo.com\/independiente\/wp-json\/wp\/v2\/media?parent=103064"}],"wp:term":[{"taxonomy":"category","embeddable":true,"href":"https:\/\/www.locoxelrojo.com\/independiente\/wp-json\/wp\/v2\/categories?post=103064"},{"taxonomy":"post_tag","embeddable":true,"href":"https:\/\/www.locoxelrojo.com\/independiente\/wp-json\/wp\/v2\/tags?post=103064"}],"curies":[{"name":"wp","href":"https:\/\/api.w.org\/{rel}","templated":true}]}}