{"id":103070,"date":"2022-02-04T20:45:10","date_gmt":"2022-02-04T23:45:10","guid":{"rendered":"https:\/\/www.locoxelrojo.com\/independiente\/?p=103070"},"modified":"2022-02-07T20:54:30","modified_gmt":"2022-02-07T23:54:30","slug":"el-dt-le-marco-la-cancha-a-la-dirigencia-por-el-9","status":"publish","type":"post","link":"https:\/\/www.locoxelrojo.com\/independiente\/2022\/02\/04\/el-dt-le-marco-la-cancha-a-la-dirigencia-por-el-9\/","title":{"rendered":"El DT le marc\u00f3 la cancha a la dirigencia por el 9"},"content":{"rendered":"<p><strong>Eduardo Dom\u00ednguez dej\u00f3 en claro cu\u00e1les son sus preferencias para reforzar el ataque de Independiente y habl\u00f3 de los tres nombres que tiene en carpeta la dirigencia.<\/strong><\/p>\n<p><a href=\"https:\/\/www.locoxelrojo.com\/independiente\/2022\/02\/03\/tissera-un-calamar-a-la-vista\/\">Mat\u00edas Tissera<\/a>, <a href=\"https:\/\/www.locoxelrojo.com\/independiente\/2022\/02\/03\/cauteruccio-el-9-que-quiere-dominguez\/\">Mart\u00edn Cauteruccio<\/a> y <a href=\"https:\/\/www.locoxelrojo.com\/independiente\/2022\/02\/03\/gaich-una-realidad\/\">Adolfo Gaich<\/a> son los centrodelanteros que est\u00e1n en la mira del Rojo. Salvo una cat\u00e1strofe en las negociaciones,<strong> al menos uno de ellos se sumar\u00e1 al plantel de Dom\u00ednguez.<\/strong> El t\u00e9cnico se reuni\u00f3 con los dirigentes y les manifest\u00f3 que prefiere a los dos primeros.<\/p>\n<p><strong>&#8220;A Mat\u00edas lo buscamos desde el principio, pero se iba a ir al exterior. Ahora se reflot\u00f3. Es un chico que nos gusta y esperemos que \u00e9l tenga ganas de tomar una decisi\u00f3n valiente de venir a un grande, para que vea lo que queremos crear y vivir&#8221;<\/strong>, dijo el DT sobre Tissera, figura de Platense tras marcar 14 goles en la \u00faltima temporada.<\/p>\n<p>Por otro lado, se expres\u00f3 sobre Cauteruccio, quien marc\u00f3 10 goles en 23 partidos en Aldosivi: <strong>&#8220;Queremos contar con \u00e9l, fue importante en su equipo en el \u00faltimo semestre. Sabemos la clase de jugador que es. No sabemos si Aldosivi tiene ganas de negociar como nosotros. Necesitamos de su experiencia&#8221;<\/strong>.<\/p>\n<p>El caso Gaich es m\u00e1s pol\u00e9mico. Si bien los dirigentes tienen una negociaci\u00f3n avanzada, lo cierto es que Dom\u00ednguez jam\u00e1s pidi\u00f3 a este jugador. <strong>&#8220;Lo de Gaich es una apuesta de la dirigencia. Quieren contar con \u00e9l y nosotros estamos a la expectativa&#8221;<\/strong>, aclar\u00f3 el entrenador en di\u00e1logo con Radio Continental.<\/p>\n","protected":false},"excerpt":{"rendered":"<p>Eduardo Dom\u00ednguez dej\u00f3 en claro cu\u00e1les son sus preferencias para reforzar el ataque de Independiente y habl\u00f3 de los tres nombres que tiene en carpeta la dirigencia. Mat\u00edas Tissera, Mart\u00edn Cauteruccio y Adolfo Gaich son los centrodelanteros que est\u00e1n en la mira del Rojo. Salvo una cat\u00e1strofe en las negociaciones, al menos uno de ellos [&hellip;]<\/p>\n","protected":false},"author":8,"featured_media":103071,"comment_status":"open","ping_status":"closed","sticky":false,"template":"","format":"standard","meta":{"_links_to":"","_links_to_target":""},"categories":[3280,3247],"tags":[5123,153,2207,1891,5126,1665],"_links":{"self":[{"href":"https:\/\/www.locoxelrojo.com\/independiente\/wp-json\/wp\/v2\/posts\/103070"}],"collection":[{"href":"https:\/\/www.locoxelrojo.com\/independiente\/wp-json\/wp\/v2\/posts"}],"about":[{"href":"https:\/\/www.locoxelrojo.com\/independiente\/wp-json\/wp\/v2\/types\/post"}],"author":[{"embeddable":true,"href":"https:\/\/www.locoxelrojo.com\/independiente\/wp-json\/wp\/v2\/users\/8"}],"replies":[{"embeddable":true,"href":"https:\/\/www.locoxelrojo.com\/independiente\/wp-json\/wp\/v2\/comments?post=103070"}],"version-history":[{"count":3,"href":"https:\/\/www.locoxelrojo.com\/independiente\/wp-json\/wp\/v2\/posts\/103070\/revisions"}],"predecessor-version":[{"id":103125,"href":"https:\/\/www.locoxelrojo.com\/independiente\/wp-json\/wp\/v2\/posts\/103070\/revisions\/103125"}],"wp:featuredmedia":[{"embeddable":true,"href":"https:\/\/www.locoxelrojo.com\/independiente\/wp-json\/wp\/v2\/media\/103071"}],"wp:attachment":[{"href":"https:\/\/www.locoxelrojo.com\/independiente\/wp-json\/wp\/v2\/media?parent=103070"}],"wp:term":[{"taxonomy":"category","embeddable":true,"href":"https:\/\/www.locoxelrojo.com\/independiente\/wp-json\/wp\/v2\/categories?post=103070"},{"taxonomy":"post_tag","embeddable":true,"href":"https:\/\/www.locoxelrojo.com\/independiente\/wp-json\/wp\/v2\/tags?post=103070"}],"curies":[{"name":"wp","href":"https:\/\/api.w.org\/{rel}","templated":true}]}}