{"id":103074,"date":"2022-02-05T14:30:21","date_gmt":"2022-02-05T17:30:21","guid":{"rendered":"https:\/\/www.locoxelrojo.com\/independiente\/?p=103074"},"modified":"2022-02-07T20:41:39","modified_gmt":"2022-02-07T23:41:39","slug":"la-primera-goleo-en-el-primer-amistoso","status":"publish","type":"post","link":"https:\/\/www.locoxelrojo.com\/independiente\/2022\/02\/05\/la-primera-goleo-en-el-primer-amistoso\/","title":{"rendered":"Ma\u00f1ana de amistoso"},"content":{"rendered":"<p><strong>El plantel profesional de Independiente<\/strong> se entren\u00f3 esta ma\u00f1ana en el Libertadores de Am\u00e9rica \u2013 Ricardo Enrique Bochini y <strong>se enfrent\u00f3 a su par de la Reserva en una nueva jornada de amistosos de preparaci\u00f3n.<\/strong><\/p>\n<p>El conjunto conducido por <strong>Eduardo Dom\u00ednguez<\/strong> form\u00f3 con: <strong>Sebasti\u00e1n Sosa; Gonzalo As\u00eds, Joaqu\u00edn Laso, Juan Insaurralde, Thomas Ortega; Carlos Benav\u00eddez, Lucas Romero; Andr\u00e9s Roa, Alan So\u00f1ora, Gast\u00f3n Togni (Dami\u00e1n Batallini); Leandro Fern\u00e1ndez.<\/strong><\/p>\n<p>Por su parte, los 11 de <strong>Claudio Graf<\/strong> fueron: <strong>Milton \u00c1lvarez; Facundo Lando, Joaqu\u00edn Leites, Axel Poza, Nehu\u00e9n Garc\u00eda; Ignacio Medina, Sergio Ortiz, Rodrigo Atencio; Ramiro Lobo, Javier Vallejos y Rodr\u00edguez.<\/strong><\/p>\n<p>El resultado fue goleada <strong>3-0 de la Primera con los goles de Insaurralde, Leandro Fern\u00e1ndez y Batallini.<\/strong><\/p>\n<p>Por la tarde, en el segundo turno del d\u00eda, <strong>se jugar\u00e1 otro encuentro con los jugadores que no participaron del entrenamiento de la ma\u00f1ana en el predio de Villa Dom\u00ednico.<\/strong><\/p>\n<blockquote class=\"twitter-tweet\">\n<p dir=\"ltr\" lang=\"es\">F\u00fatbol en casa &#x1f60d;<\/p>\n<p>\u00a1Juegue, Alan!<a href=\"https:\/\/twitter.com\/hashtag\/TodoRojo?src=hash&amp;ref_src=twsrc%5Etfw\">#TodoRojo<\/a> &#x1f534; <a href=\"https:\/\/t.co\/BtYWDUgc8y\">pic.twitter.com\/BtYWDUgc8y<\/a><\/p>\n<p>\u2014 C. A. Independiente (@Independiente) <a href=\"https:\/\/twitter.com\/Independiente\/status\/1489948624964358144?ref_src=twsrc%5Etfw\">February 5, 2022<\/a><\/p><\/blockquote>\n<p><script async src=\"https:\/\/platform.twitter.com\/widgets.js\" charset=\"utf-8\"><\/script><\/p>\n<blockquote class=\"twitter-tweet\">\n<p dir=\"ltr\" lang=\"es\">M\u00e1s minutos en casa para Bata &#x1f6eb;<a href=\"https:\/\/twitter.com\/hashtag\/TodoRojo?src=hash&amp;ref_src=twsrc%5Etfw\">#TodoRojo<\/a> &#x1f534; <a href=\"https:\/\/t.co\/5xYOt4fkGv\">pic.twitter.com\/5xYOt4fkGv<\/a><\/p>\n<p>\u2014 C. A. Independiente (@Independiente) <a href=\"https:\/\/twitter.com\/Independiente\/status\/1489990698115821571?ref_src=twsrc%5Etfw\">February 5, 2022<\/a><\/p><\/blockquote>\n<p><script async src=\"https:\/\/platform.twitter.com\/widgets.js\" charset=\"utf-8\"><\/script><\/p>\n<blockquote class=\"twitter-tweet\">\n<p dir=\"ltr\" lang=\"es\">Otro d\u00eda de trabajo en el LdA Ricardo Enrique Bochini &#x2764;&#xfe0f;<\/p>\n<p>&#x1f64c;&#x1f3fb; <a href=\"https:\/\/twitter.com\/sebauruguayo1?ref_src=twsrc%5Etfw\">@sebauruguayo1<\/a> <a href=\"https:\/\/twitter.com\/hashtag\/TodoRojo?src=hash&amp;ref_src=twsrc%5Etfw\">#TodoRojo<\/a> &#x1f534; <a href=\"https:\/\/t.co\/ZS367XpAve\">pic.twitter.com\/ZS367XpAve<\/a><\/p>\n<p>\u2014 C. A. Independiente (@Independiente) <a href=\"https:\/\/twitter.com\/Independiente\/status\/1490007706698014732?ref_src=twsrc%5Etfw\">February 5, 2022<\/a><\/p><\/blockquote>\n<p><script async src=\"https:\/\/platform.twitter.com\/widgets.js\" charset=\"utf-8\"><\/script><\/p>\n","protected":false},"excerpt":{"rendered":"<p>El plantel profesional de Independiente se entren\u00f3 esta ma\u00f1ana en el Libertadores de Am\u00e9rica \u2013 Ricardo Enrique Bochini y se enfrent\u00f3 a su par de la Reserva en una nueva jornada de amistosos de preparaci\u00f3n. El conjunto conducido por Eduardo Dom\u00ednguez form\u00f3 con: Sebasti\u00e1n Sosa; Gonzalo As\u00eds, Joaqu\u00edn Laso, Juan Insaurralde, Thomas Ortega; Carlos Benav\u00eddez, [&hellip;]<\/p>\n","protected":false},"author":101029,"featured_media":103117,"comment_status":"open","ping_status":"closed","sticky":false,"template":"","format":"standard","meta":{"_links_to":"","_links_to_target":""},"categories":[3247,3],"tags":[2245,5106,153,2207,26,5090],"_links":{"self":[{"href":"https:\/\/www.locoxelrojo.com\/independiente\/wp-json\/wp\/v2\/posts\/103074"}],"collection":[{"href":"https:\/\/www.locoxelrojo.com\/independiente\/wp-json\/wp\/v2\/posts"}],"about":[{"href":"https:\/\/www.locoxelrojo.com\/independiente\/wp-json\/wp\/v2\/types\/post"}],"author":[{"embeddable":true,"href":"https:\/\/www.locoxelrojo.com\/independiente\/wp-json\/wp\/v2\/users\/101029"}],"replies":[{"embeddable":true,"href":"https:\/\/www.locoxelrojo.com\/independiente\/wp-json\/wp\/v2\/comments?post=103074"}],"version-history":[{"count":3,"href":"https:\/\/www.locoxelrojo.com\/independiente\/wp-json\/wp\/v2\/posts\/103074\/revisions"}],"predecessor-version":[{"id":103118,"href":"https:\/\/www.locoxelrojo.com\/independiente\/wp-json\/wp\/v2\/posts\/103074\/revisions\/103118"}],"wp:featuredmedia":[{"embeddable":true,"href":"https:\/\/www.locoxelrojo.com\/independiente\/wp-json\/wp\/v2\/media\/103117"}],"wp:attachment":[{"href":"https:\/\/www.locoxelrojo.com\/independiente\/wp-json\/wp\/v2\/media?parent=103074"}],"wp:term":[{"taxonomy":"category","embeddable":true,"href":"https:\/\/www.locoxelrojo.com\/independiente\/wp-json\/wp\/v2\/categories?post=103074"},{"taxonomy":"post_tag","embeddable":true,"href":"https:\/\/www.locoxelrojo.com\/independiente\/wp-json\/wp\/v2\/tags?post=103074"}],"curies":[{"name":"wp","href":"https:\/\/api.w.org\/{rel}","templated":true}]}}