{"id":103201,"date":"2022-02-10T16:30:51","date_gmt":"2022-02-10T19:30:51","guid":{"rendered":"https:\/\/www.locoxelrojo.com\/independiente\/?p=103201"},"modified":"2022-02-10T19:00:14","modified_gmt":"2022-02-10T22:00:14","slug":"blanco-presion-dominguez","status":"publish","type":"post","link":"https:\/\/www.locoxelrojo.com\/independiente\/2022\/02\/10\/blanco-presion-dominguez\/","title":{"rendered":"Blanco: &#8220;Me gusta la presi\u00f3n que ejercemos con Dom\u00ednguez&#8221;"},"content":{"rendered":"<p><strong>Domingo Blanco<\/strong> contin\u00faa recuper\u00e1ndose de su lesi\u00f3n en la rodilla y <strong>expres\u00f3 c\u00f3mo se siente el equipo luego de la intensa pretemporada que hicieron con Eduardo Dom\u00ednguez y cont\u00f3 como concluy\u00f3 el grupo con Julio C\u00e9sar Falcioni.<\/strong><\/p>\n<p><strong>&#8220;Me quedan algunos d\u00edas de recuperaci\u00f3n, hoy en d\u00eda estoy corriendo pero no estoy al 100%. No se cuando volver\u00e9 a estar a la par del grupo&#8221;<\/strong>, comenz\u00f3 diciendo el volante y agreg\u00f3:<strong> &#8220;No se me rompi\u00f3 el menisco, pero al fin y al cabo fue una operaci\u00f3n. Yo pienso que pas\u00f3 porque ten\u00eda que pasar y hoy me siento bien&#8221;.<\/strong><\/p>\n<p>Cambiando de tema, al ser consultado por el paso del Emperador como DT, desliz\u00f3: &#8220;<strong>Cada t\u00e9cnico tiene su idea y es respetable, Julio hizo un muy buen trabajo. Arrancamos bien y terminamos flojo, con los equipos m\u00e1s importantes hicimos grandes partidos y nos toc\u00f3 perder puntos con los de abajo&#8221;.<\/strong><\/p>\n<p>Tambi\u00e9n, en charla con Muy Independiente, el jugador entr\u00f3 en la comparaci\u00f3n y dio detalles de lo que les pide el nuevo entrenador:<strong> &#8220;Eduardo nos pide siempre que lleguen los volantes porque para una defensa es dif\u00edcil agarrar a los que llegan de atr\u00e1s. Tambi\u00e9n me gusta mucho la presi\u00f3n que ejercemos&#8221;. <\/strong><\/p>\n<p>Por \u00faltimo, Mingo recalc\u00f3 su actualidad en el Rojo: <strong>&#8220;La exigencia es mucha m\u00e1s en un equipo grande y tambi\u00e9n depende mucho de la cabeza de cada jugador. A nadie le gusta que lo puteen pero es f\u00fatbol, es as\u00ed. Personalmente estoy en un momento lindo con la gente de Independiente&#8221;.<\/strong><\/p>\n","protected":false},"excerpt":{"rendered":"<p>Domingo Blanco contin\u00faa recuper\u00e1ndose de su lesi\u00f3n en la rodilla y expres\u00f3 c\u00f3mo se siente el equipo luego de la intensa pretemporada que hicieron con Eduardo Dom\u00ednguez y cont\u00f3 como concluy\u00f3 el grupo con Julio C\u00e9sar Falcioni. &#8220;Me quedan algunos d\u00edas de recuperaci\u00f3n, hoy en d\u00eda estoy corriendo pero no estoy al 100%. No se [&hellip;]<\/p>\n","protected":false},"author":101026,"featured_media":103203,"comment_status":"open","ping_status":"closed","sticky":false,"template":"","format":"standard","meta":{"_links_to":"","_links_to_target":""},"categories":[3280,3247],"tags":[153,4519,2958],"_links":{"self":[{"href":"https:\/\/www.locoxelrojo.com\/independiente\/wp-json\/wp\/v2\/posts\/103201"}],"collection":[{"href":"https:\/\/www.locoxelrojo.com\/independiente\/wp-json\/wp\/v2\/posts"}],"about":[{"href":"https:\/\/www.locoxelrojo.com\/independiente\/wp-json\/wp\/v2\/types\/post"}],"author":[{"embeddable":true,"href":"https:\/\/www.locoxelrojo.com\/independiente\/wp-json\/wp\/v2\/users\/101026"}],"replies":[{"embeddable":true,"href":"https:\/\/www.locoxelrojo.com\/independiente\/wp-json\/wp\/v2\/comments?post=103201"}],"version-history":[{"count":1,"href":"https:\/\/www.locoxelrojo.com\/independiente\/wp-json\/wp\/v2\/posts\/103201\/revisions"}],"predecessor-version":[{"id":103204,"href":"https:\/\/www.locoxelrojo.com\/independiente\/wp-json\/wp\/v2\/posts\/103201\/revisions\/103204"}],"wp:featuredmedia":[{"embeddable":true,"href":"https:\/\/www.locoxelrojo.com\/independiente\/wp-json\/wp\/v2\/media\/103203"}],"wp:attachment":[{"href":"https:\/\/www.locoxelrojo.com\/independiente\/wp-json\/wp\/v2\/media?parent=103201"}],"wp:term":[{"taxonomy":"category","embeddable":true,"href":"https:\/\/www.locoxelrojo.com\/independiente\/wp-json\/wp\/v2\/categories?post=103201"},{"taxonomy":"post_tag","embeddable":true,"href":"https:\/\/www.locoxelrojo.com\/independiente\/wp-json\/wp\/v2\/tags?post=103201"}],"curies":[{"name":"wp","href":"https:\/\/api.w.org\/{rel}","templated":true}]}}