{"id":103206,"date":"2022-02-10T16:45:13","date_gmt":"2022-02-10T19:45:13","guid":{"rendered":"https:\/\/www.locoxelrojo.com\/independiente\/?p=103206"},"modified":"2022-02-10T21:04:45","modified_gmt":"2022-02-11T00:04:45","slug":"dominguez-tenemos-los-jugadores-que-quisieron-estar-y-venir-a-jugar","status":"publish","type":"post","link":"https:\/\/www.locoxelrojo.com\/independiente\/2022\/02\/10\/dominguez-tenemos-los-jugadores-que-quisieron-estar-y-venir-a-jugar\/","title":{"rendered":"Dom\u00ednguez: &#8220;Tenemos los jugadores que quisieron estar y venir a jugar&#8221;"},"content":{"rendered":"<p>A horas de su debut oficial como t\u00e9cnico de Independiente, <strong>Eduardo Dom\u00ednguez habl\u00f3 sobre el armado del plantel, el mercado de pases y su oportunidad de estar al frente del equipo.  <\/strong><\/p>\n<p><strong>&#8220;Se han ido jugadores importantes y varios referentes. A todos los debemos reemplazar con funcionamiento, porque va a ser muy dif\u00edcil hacerlo con individualidades al principio. Esperemos que los que llegaron se adapten r\u00e1pido y den un plus, cada uno con sus formas&#8221;<\/strong>, expres\u00f3 el DT en di\u00e1logo con ESPN. <\/p>\n<p><strong>&#8220;Tenemos los jugadores que quisieron estar, y los que eligieron venir a jugar y competir con nosotros. Eso nos genera mucha ilusi\u00f3n y entusiasmo para lo que viene&#8221;<\/strong>, manifest\u00f3. <strong>&#8220;Me toc\u00f3 estar en otros equipos que ten\u00edamos un plantel muy justo, compitiendo por Copa Libertadores y campeonato. Hay que saber utilizar a los jugadores, en qu\u00e9 momento y cu\u00e1ndo&#8221;<\/strong>, agreg\u00f3. <\/p>\n<p><strong>&#8220;Hoy me toca estar ac\u00e1 y uno sue\u00f1a con dirigir en estas instituciones. Hemos visto que en otros procesos se han tra\u00eddos much\u00edsimos jugadores, pero nosotros estamos acostumbrados a otra cosa. Tenemos que ser coherentes y tener sentido com\u00fan. Somos un grupo corto, con muchos juveniles, pero trabajamos acorde a eso&#8221;<\/strong>, continu\u00f3. Y de cara al arranque del torneo, analiz\u00f3: <strong>&#8220;Siento que llegamos al final de la pretemporada en un lindo momento. Los jugadores van interpretando y sintiendo lo que pretendemos como equipo. Llegar a la primera fecha y que ellos sepan lo que buscamos y c\u00f3mo queremos jugar para mi es muy bueno&#8221;<\/strong>. <\/p>\n<p><strong>&#8220;Independiente es un desaf\u00edo personal, por lo que representa la instituci\u00f3n y su historia. No muchos entrenadores son elegidos para estar en un lugar as\u00ed y eso me llen\u00f3 de orgullo&#8221;<\/strong>, cerr\u00f3.  <\/p>\n","protected":false},"excerpt":{"rendered":"<p>A horas de su debut oficial como t\u00e9cnico de Independiente, Eduardo Dom\u00ednguez habl\u00f3 sobre el armado del plantel, el mercado de pases y su oportunidad de estar al frente del equipo. &#8220;Se han ido jugadores importantes y varios referentes. A todos los debemos reemplazar con funcionamiento, porque va a ser muy dif\u00edcil hacerlo con individualidades [&hellip;]<\/p>\n","protected":false},"author":1,"featured_media":103209,"comment_status":"open","ping_status":"closed","sticky":false,"template":"","format":"standard","meta":{"_links_to":"","_links_to_target":""},"categories":[3247,3],"tags":[2207],"_links":{"self":[{"href":"https:\/\/www.locoxelrojo.com\/independiente\/wp-json\/wp\/v2\/posts\/103206"}],"collection":[{"href":"https:\/\/www.locoxelrojo.com\/independiente\/wp-json\/wp\/v2\/posts"}],"about":[{"href":"https:\/\/www.locoxelrojo.com\/independiente\/wp-json\/wp\/v2\/types\/post"}],"author":[{"embeddable":true,"href":"https:\/\/www.locoxelrojo.com\/independiente\/wp-json\/wp\/v2\/users\/1"}],"replies":[{"embeddable":true,"href":"https:\/\/www.locoxelrojo.com\/independiente\/wp-json\/wp\/v2\/comments?post=103206"}],"version-history":[{"count":2,"href":"https:\/\/www.locoxelrojo.com\/independiente\/wp-json\/wp\/v2\/posts\/103206\/revisions"}],"predecessor-version":[{"id":103210,"href":"https:\/\/www.locoxelrojo.com\/independiente\/wp-json\/wp\/v2\/posts\/103206\/revisions\/103210"}],"wp:featuredmedia":[{"embeddable":true,"href":"https:\/\/www.locoxelrojo.com\/independiente\/wp-json\/wp\/v2\/media\/103209"}],"wp:attachment":[{"href":"https:\/\/www.locoxelrojo.com\/independiente\/wp-json\/wp\/v2\/media?parent=103206"}],"wp:term":[{"taxonomy":"category","embeddable":true,"href":"https:\/\/www.locoxelrojo.com\/independiente\/wp-json\/wp\/v2\/categories?post=103206"},{"taxonomy":"post_tag","embeddable":true,"href":"https:\/\/www.locoxelrojo.com\/independiente\/wp-json\/wp\/v2\/tags?post=103206"}],"curies":[{"name":"wp","href":"https:\/\/api.w.org\/{rel}","templated":true}]}}