{"id":103398,"date":"2022-02-17T08:00:15","date_gmt":"2022-02-17T11:00:15","guid":{"rendered":"https:\/\/www.locoxelrojo.com\/independiente\/?p=103398"},"modified":"2022-02-17T09:56:09","modified_gmt":"2022-02-17T12:56:09","slug":"los-5-ultimos-1-0-que-se-definieron-con-goles-de-suplentes","status":"publish","type":"post","link":"https:\/\/www.locoxelrojo.com\/independiente\/2022\/02\/17\/los-5-ultimos-1-0-que-se-definieron-con-goles-de-suplentes\/","title":{"rendered":"Los 5 \u00faltimos 1-0 que se definieron con goles de suplentes"},"content":{"rendered":"<p>A ra\u00edz del <a href=\"https:\/\/www.locoxelrojo.com\/independiente\/2022\/02\/15\/debut-en-la-red-para-pozzo-en-primera\/\">gol de <strong>Tom\u00e1s Pozzo<\/strong><\/a> en el triunfo de <strong>Independiente<\/strong> frente a Arsenal, vamos a repasar cu\u00e1les fueron las \u00faltimas cinco victorias 1-0 del Rojo con goles de jugadores que ingresaron desde el banco de suplentes.<\/p>\n<h3>Chaco Mart\u00ednez contra Uni\u00f3n<\/h3>\n<p><a href=\"https:\/\/locoxelrojo.com\/independiente\/wp-content\/uploads\/2022\/01\/Braian-Martinez-Independiente.jpg\"><img loading=\"lazy\" class=\"aligncenter size-full wp-image-102958\" src=\"https:\/\/locoxelrojo.com\/independiente\/wp-content\/uploads\/2022\/01\/Braian-Martinez-Independiente.jpg\" alt=\"Braian-Mart\u00ednez-Independiente\" width=\"1441\" height=\"900\" srcset=\"https:\/\/locoxelrojo.com\/independiente\/wp-content\/uploads\/2022\/01\/Braian-Martinez-Independiente.jpg 1441w, https:\/\/locoxelrojo.com\/independiente\/wp-content\/uploads\/2022\/01\/Braian-Martinez-Independiente-300x187.jpg 300w, https:\/\/locoxelrojo.com\/independiente\/wp-content\/uploads\/2022\/01\/Braian-Martinez-Independiente-1024x640.jpg 1024w, https:\/\/locoxelrojo.com\/independiente\/wp-content\/uploads\/2022\/01\/Braian-Martinez-Independiente-768x480.jpg 768w, https:\/\/locoxelrojo.com\/independiente\/wp-content\/uploads\/2022\/01\/Braian-Martinez-Independiente-696x435.jpg 696w, https:\/\/locoxelrojo.com\/independiente\/wp-content\/uploads\/2022\/01\/Braian-Martinez-Independiente-1068x667.jpg 1068w, https:\/\/locoxelrojo.com\/independiente\/wp-content\/uploads\/2022\/01\/Braian-Martinez-Independiente-672x420.jpg 672w\" sizes=\"(max-width: 1441px) 100vw, 1441px\" \/><\/a>El primer antecedente nos remonta al 25 de octubre del a\u00f1o pasado, correspondiente a la fecha 18 de la Liga Profesional 2021. En ese encuentro, <strong>Independiente<\/strong> super\u00f3 como local a <strong>Uni\u00f3n<\/strong>.<\/p>\n<p><strong> Braian Mart\u00ednez<\/strong> hab\u00eda ingresado por Rodrigo M\u00e1rquez a los 11 minutos del complemento para darle aire a los de arriba. Y a los 27&#8242;, el Chaco recibi\u00f3 de Andr\u00e9s Roa, <strong>se jug\u00f3 la personal, dej\u00f3 en el camino a su marcador, ingres\u00f3 al \u00e1rea y con un potente zurdazo cruzado sell\u00f3 el 1-0<\/strong>.<\/p>\n<p><iframe loading=\"lazy\" title=\"YouTube video player\" src=\"https:\/\/www.youtube.com\/embed\/kEfXyLse-No\" width=\"560\" height=\"315\" frameborder=\"0\" allowfullscreen=\"allowfullscreen\"><\/iframe><\/p>\n<h3>Albertengo frente a Arsenal<\/h3>\n<p><a href=\"https:\/\/locoxelrojo.com\/independiente\/wp-content\/uploads\/2022\/02\/albertengo-gol-arsenal-sudamericana-2015.jpg\"><img loading=\"lazy\" class=\"aligncenter size-full wp-image-103399\" src=\"https:\/\/locoxelrojo.com\/independiente\/wp-content\/uploads\/2022\/02\/albertengo-gol-arsenal-sudamericana-2015.jpg\" alt=\"\" width=\"1228\" height=\"837\" srcset=\"https:\/\/locoxelrojo.com\/independiente\/wp-content\/uploads\/2022\/02\/albertengo-gol-arsenal-sudamericana-2015.jpg 1228w, https:\/\/locoxelrojo.com\/independiente\/wp-content\/uploads\/2022\/02\/albertengo-gol-arsenal-sudamericana-2015-300x204.jpg 300w, https:\/\/locoxelrojo.com\/independiente\/wp-content\/uploads\/2022\/02\/albertengo-gol-arsenal-sudamericana-2015-1024x698.jpg 1024w, https:\/\/locoxelrojo.com\/independiente\/wp-content\/uploads\/2022\/02\/albertengo-gol-arsenal-sudamericana-2015-768x523.jpg 768w, https:\/\/locoxelrojo.com\/independiente\/wp-content\/uploads\/2022\/02\/albertengo-gol-arsenal-sudamericana-2015-218x150.jpg 218w, https:\/\/locoxelrojo.com\/independiente\/wp-content\/uploads\/2022\/02\/albertengo-gol-arsenal-sudamericana-2015-696x474.jpg 696w, https:\/\/locoxelrojo.com\/independiente\/wp-content\/uploads\/2022\/02\/albertengo-gol-arsenal-sudamericana-2015-1068x728.jpg 1068w, https:\/\/locoxelrojo.com\/independiente\/wp-content\/uploads\/2022\/02\/albertengo-gol-arsenal-sudamericana-2015-616x420.jpg 616w\" sizes=\"(max-width: 1228px) 100vw, 1228px\" \/><\/a><\/p>\n<p>Para el segundo nos tenemos que remontar al partido de vuelta de los 16vos. de final de la Copa Sudamericana 2015. <strong>Independiente<\/strong> hab\u00eda igualado 1-1 con <strong>Arsenal<\/strong> en la ida y el gol de visitante en Sarand\u00ed lo met\u00eda en la siguiente ronda.<\/p>\n<p>Sin embargo, <strong>Lucas Albertengo<\/strong>, quien hab\u00eda ingresado por Mart\u00edn Ben\u00edtez a los 26&#8242; del segundo tiempo, <strong>asegur\u00f3 el pasaporte a los octavos de final sobre el ep\u00edlogo del juego tras un pase de Mat\u00edas Pisano<\/strong>.<\/p>\n<p><iframe loading=\"lazy\" title=\"YouTube video player\" src=\"https:\/\/www.youtube.com\/embed\/8sWo8fxcY-c\" width=\"560\" height=\"315\" frameborder=\"0\" allowfullscreen=\"allowfullscreen\"><\/iframe><\/p>\n<h3>Parra a Sportivo Belgrano<\/h3>\n<p><a href=\"https:\/\/locoxelrojo.com\/independiente\/wp-content\/uploads\/2022\/02\/parra-sportivo-belgrano-independiente-2014.jpg\"><img loading=\"lazy\" class=\"aligncenter size-full wp-image-103400\" src=\"https:\/\/locoxelrojo.com\/independiente\/wp-content\/uploads\/2022\/02\/parra-sportivo-belgrano-independiente-2014.jpg\" alt=\"\" width=\"1199\" height=\"759\" srcset=\"https:\/\/locoxelrojo.com\/independiente\/wp-content\/uploads\/2022\/02\/parra-sportivo-belgrano-independiente-2014.jpg 1199w, https:\/\/locoxelrojo.com\/independiente\/wp-content\/uploads\/2022\/02\/parra-sportivo-belgrano-independiente-2014-300x190.jpg 300w, https:\/\/locoxelrojo.com\/independiente\/wp-content\/uploads\/2022\/02\/parra-sportivo-belgrano-independiente-2014-1024x648.jpg 1024w, https:\/\/locoxelrojo.com\/independiente\/wp-content\/uploads\/2022\/02\/parra-sportivo-belgrano-independiente-2014-768x486.jpg 768w, https:\/\/locoxelrojo.com\/independiente\/wp-content\/uploads\/2022\/02\/parra-sportivo-belgrano-independiente-2014-696x441.jpg 696w, https:\/\/locoxelrojo.com\/independiente\/wp-content\/uploads\/2022\/02\/parra-sportivo-belgrano-independiente-2014-1068x676.jpg 1068w, https:\/\/locoxelrojo.com\/independiente\/wp-content\/uploads\/2022\/02\/parra-sportivo-belgrano-independiente-2014-663x420.jpg 663w\" sizes=\"(max-width: 1199px) 100vw, 1199px\" \/><\/a><\/p>\n<p>Corr\u00eda el a\u00f1o 2013 e <strong>Independiente<\/strong> peleaba por meterse entre los puestos de ascenso tras un flojo arranque en la B Nacional. El 29 de octubre se midi\u00f3 ante <strong>Sportivo Belgrano<\/strong> de San Francisco en C\u00f3rdoba en un partido cerrad\u00edsimo por la fecha 14.<\/p>\n<p><strong>El \u00fanico gol del encuentro lo marc\u00f3 Facundo Parra, de cabeza, a los 39&#8242; de la segunda mitad tras conectar un centro de Francisco Pizzini<\/strong>. El centrodelantero hab\u00eda ingresado desde el banco de suplentes por Cristian Men\u00e9ndez, a los 22&#8242; del complemento.<\/p>\n<p><iframe loading=\"lazy\" title=\"YouTube video player\" src=\"https:\/\/www.youtube.com\/embed\/EV6TRx4YZiY\" width=\"560\" height=\"315\" frameborder=\"0\" allowfullscreen=\"allowfullscreen\"><\/iframe><\/p>\n<h3>Ben\u00edtez a San Lorenzo<\/h3>\n<p><a href=\"https:\/\/locoxelrojo.com\/independiente\/wp-content\/uploads\/2022\/02\/benitez-independiente-san-lorenzo-2011-e1645064222812.jpg\"><img loading=\"lazy\" class=\"aligncenter size-full wp-image-103401\" src=\"https:\/\/locoxelrojo.com\/independiente\/wp-content\/uploads\/2022\/02\/benitez-independiente-san-lorenzo-2011-e1645064222812.jpg\" alt=\"\" width=\"1164\" height=\"867\" srcset=\"https:\/\/locoxelrojo.com\/independiente\/wp-content\/uploads\/2022\/02\/benitez-independiente-san-lorenzo-2011-e1645064222812.jpg 1164w, https:\/\/locoxelrojo.com\/independiente\/wp-content\/uploads\/2022\/02\/benitez-independiente-san-lorenzo-2011-e1645064222812-300x223.jpg 300w, https:\/\/locoxelrojo.com\/independiente\/wp-content\/uploads\/2022\/02\/benitez-independiente-san-lorenzo-2011-e1645064222812-1024x763.jpg 1024w, https:\/\/locoxelrojo.com\/independiente\/wp-content\/uploads\/2022\/02\/benitez-independiente-san-lorenzo-2011-e1645064222812-768x572.jpg 768w, https:\/\/locoxelrojo.com\/independiente\/wp-content\/uploads\/2022\/02\/benitez-independiente-san-lorenzo-2011-e1645064222812-80x60.jpg 80w, https:\/\/locoxelrojo.com\/independiente\/wp-content\/uploads\/2022\/02\/benitez-independiente-san-lorenzo-2011-e1645064222812-265x198.jpg 265w, https:\/\/locoxelrojo.com\/independiente\/wp-content\/uploads\/2022\/02\/benitez-independiente-san-lorenzo-2011-e1645064222812-696x518.jpg 696w, https:\/\/locoxelrojo.com\/independiente\/wp-content\/uploads\/2022\/02\/benitez-independiente-san-lorenzo-2011-e1645064222812-1068x795.jpg 1068w, https:\/\/locoxelrojo.com\/independiente\/wp-content\/uploads\/2022\/02\/benitez-independiente-san-lorenzo-2011-e1645064222812-564x420.jpg 564w\" sizes=\"(max-width: 1164px) 100vw, 1164px\" \/><\/a><\/p>\n<p>Por la fecha 18 del Torneo Apertura 2011, un <strong>Independiente<\/strong> dirigido por Ram\u00f3n D\u00edaz se trajo a Avellaneda un ajustado triunfo ante <strong>San Lorenzo<\/strong> gracias al gol de <strong>Mart\u00edn Ben\u00edtez<\/strong>.<\/p>\n<p>El 8 de diciembre de 2011, justo un a\u00f1o despu\u00e9s de la obtenci\u00f3n de la primera Sudamericana, <strong>un centro de Osmar Ferreyra a la cabeza del Misionero decret\u00f3 el 1-0 para el Rojo<\/strong>.<\/p>\n<p><iframe loading=\"lazy\" title=\"YouTube video player\" src=\"https:\/\/www.youtube.com\/embed\/V9bMD2rIYrg?start=144\" width=\"560\" height=\"315\" frameborder=\"0\" allowfullscreen=\"allowfullscreen\"><\/iframe><\/p>\n<h3>Marco P\u00e9rez contra Estudiantes<\/h3>\n<p><a href=\"https:\/\/locoxelrojo.com\/independiente\/wp-content\/uploads\/2022\/02\/marco-perez-independiente-estudiantes-2011.jpg\"><img loading=\"lazy\" class=\"aligncenter size-full wp-image-103402\" src=\"https:\/\/locoxelrojo.com\/independiente\/wp-content\/uploads\/2022\/02\/marco-perez-independiente-estudiantes-2011.jpg\" alt=\"\" width=\"1199\" height=\"775\" srcset=\"https:\/\/locoxelrojo.com\/independiente\/wp-content\/uploads\/2022\/02\/marco-perez-independiente-estudiantes-2011.jpg 1199w, https:\/\/locoxelrojo.com\/independiente\/wp-content\/uploads\/2022\/02\/marco-perez-independiente-estudiantes-2011-300x194.jpg 300w, https:\/\/locoxelrojo.com\/independiente\/wp-content\/uploads\/2022\/02\/marco-perez-independiente-estudiantes-2011-1024x662.jpg 1024w, https:\/\/locoxelrojo.com\/independiente\/wp-content\/uploads\/2022\/02\/marco-perez-independiente-estudiantes-2011-768x496.jpg 768w, https:\/\/locoxelrojo.com\/independiente\/wp-content\/uploads\/2022\/02\/marco-perez-independiente-estudiantes-2011-696x450.jpg 696w, https:\/\/locoxelrojo.com\/independiente\/wp-content\/uploads\/2022\/02\/marco-perez-independiente-estudiantes-2011-1068x690.jpg 1068w, https:\/\/locoxelrojo.com\/independiente\/wp-content\/uploads\/2022\/02\/marco-perez-independiente-estudiantes-2011-650x420.jpg 650w\" sizes=\"(max-width: 1199px) 100vw, 1199px\" \/><\/a><\/p>\n<p>El quinto y \u00faltimo antecedente fue en el 20 de agosto, en el mismo Apertura 2011, pero en la fecha 3 ante <strong>Estudiantes<\/strong> y en Avellaneda.<\/p>\n<p><strong>Marco P\u00e9rez<\/strong> hab\u00eda ingresado en el entretiempo por Mat\u00edas Defederico y <strong>con menos de dos minutos en cancha, el colombiano decret\u00f3 el 1-0 contra el Pincha. Recibi\u00f3 una pelota de Fernando Godoy, le gir\u00f3 al defensor y se fue de cara al gol<\/strong>. De lo poco que hizo en su paso por el club.<\/p>\n<p><iframe loading=\"lazy\" title=\"YouTube video player\" src=\"https:\/\/www.youtube.com\/embed\/VofA_DN1nKI?start=144\" width=\"560\" height=\"315\" frameborder=\"0\" allowfullscreen=\"allowfullscreen\"><\/iframe><\/p>\n","protected":false},"excerpt":{"rendered":"<p>A ra\u00edz del gol de Tom\u00e1s Pozzo en el triunfo de Independiente frente a Arsenal, vamos a repasar cu\u00e1les fueron las \u00faltimas cinco victorias 1-0 del Rojo con goles de jugadores que ingresaron desde el banco de suplentes. Chaco Mart\u00ednez contra Uni\u00f3n El primer antecedente nos remonta al 25 de octubre del a\u00f1o pasado, correspondiente [&hellip;]<\/p>\n","protected":false},"author":19,"featured_media":103402,"comment_status":"open","ping_status":"closed","sticky":false,"template":"","format":"standard","meta":{"_links_to":"","_links_to_target":""},"categories":[3422,3247],"tags":[1099,4452,153,277,36,3423,2839,547,258,382,2392,2642],"_links":{"self":[{"href":"https:\/\/www.locoxelrojo.com\/independiente\/wp-json\/wp\/v2\/posts\/103398"}],"collection":[{"href":"https:\/\/www.locoxelrojo.com\/independiente\/wp-json\/wp\/v2\/posts"}],"about":[{"href":"https:\/\/www.locoxelrojo.com\/independiente\/wp-json\/wp\/v2\/types\/post"}],"author":[{"embeddable":true,"href":"https:\/\/www.locoxelrojo.com\/independiente\/wp-json\/wp\/v2\/users\/19"}],"replies":[{"embeddable":true,"href":"https:\/\/www.locoxelrojo.com\/independiente\/wp-json\/wp\/v2\/comments?post=103398"}],"version-history":[{"count":2,"href":"https:\/\/www.locoxelrojo.com\/independiente\/wp-json\/wp\/v2\/posts\/103398\/revisions"}],"predecessor-version":[{"id":103405,"href":"https:\/\/www.locoxelrojo.com\/independiente\/wp-json\/wp\/v2\/posts\/103398\/revisions\/103405"}],"wp:featuredmedia":[{"embeddable":true,"href":"https:\/\/www.locoxelrojo.com\/independiente\/wp-json\/wp\/v2\/media\/103402"}],"wp:attachment":[{"href":"https:\/\/www.locoxelrojo.com\/independiente\/wp-json\/wp\/v2\/media?parent=103398"}],"wp:term":[{"taxonomy":"category","embeddable":true,"href":"https:\/\/www.locoxelrojo.com\/independiente\/wp-json\/wp\/v2\/categories?post=103398"},{"taxonomy":"post_tag","embeddable":true,"href":"https:\/\/www.locoxelrojo.com\/independiente\/wp-json\/wp\/v2\/tags?post=103398"}],"curies":[{"name":"wp","href":"https:\/\/api.w.org\/{rel}","templated":true}]}}