{"id":103410,"date":"2022-02-17T17:00:50","date_gmt":"2022-02-17T20:00:50","guid":{"rendered":"https:\/\/www.locoxelrojo.com\/independiente\/?p=103410"},"modified":"2022-02-17T19:10:10","modified_gmt":"2022-02-17T22:10:10","slug":"doble-turno-y-una-duda-para-enfrentar-a-velez","status":"publish","type":"post","link":"https:\/\/www.locoxelrojo.com\/independiente\/2022\/02\/17\/doble-turno-y-una-duda-para-enfrentar-a-velez\/","title":{"rendered":"Doble turno y una duda para enfrentar a V\u00e9lez"},"content":{"rendered":"<p><strong>El plantel de Independiente contin\u00faa los entrenamientos y este jueves trabaj\u00f3 en\u00a0 doble turno en Villa Dom\u00ednico<\/strong> con la mente puesta en el duelo del s\u00e1bado contra V\u00e9lez en Liniers, <strong>donde Eduardo Dom\u00ednguez mantiene una duda en el once inicial.<\/strong><\/p>\n<p><strong>Los futbolistas se dividieron en 2 grupos:<\/strong> el primero, formado por los que jugaron ante Arsenal, realizaron trabajos f\u00edsicos regenerativos, ejercicios de tenencia de pelota y de fuerza del tren superior y zona media; mientras que el segundo hizo ejercicios de fortalecimiento en el gimnasio, ensayos t\u00e9cnico-t\u00e1cticos y f\u00fatbol en espacios reducidos.<\/p>\n<p><strong>De manera diferenciada estuvieron Domingo Blanco, Santiago Vel\u00e1squez y Mat\u00edas Sosa<\/strong>, que siguen recuper\u00e1ndose de sus respectivas lesiones para estar a punto y se sum\u00f3 <strong>Patricio Ostachuk, que sufri\u00f3 un desgarro en el aductor derecho.<\/strong><\/p>\n<p>En cuanto al armado del equipo, <strong>el DT del Rojo tiene una duda en el lateral izquierdo, donde Thomas Ortega y Lucas Rodr\u00edguez pelean un lugar.<\/strong> Despu\u00e9s, Dom\u00ednguez repetir\u00eda los mismos 11 de la fecha pasada, es decir: <strong>Sebasti\u00e1n Sosa; Alex Vigo, Sergio Barreto, Juan Manuel Insaurralde, Ortega o Rodr\u00edguez; Carlos Benavidez, Lucas Romero; Andr\u00e9s Roa, Alan So\u00f1ora, Dami\u00e1n Batallini; Leandro Fern\u00e1ndez.<\/strong><\/p>\n<p>Ahora, e<strong>l grupo volver\u00e1 a tener una nueva pr\u00e1ctica el viernes a las 17:00 en el predio<\/strong> y, al finalizar, <strong>quedar\u00e1 concentrado en el hotel Scala de cara al partido contra el Fort\u00edn.<\/strong><\/p>\n","protected":false},"excerpt":{"rendered":"<p>El plantel de Independiente contin\u00faa los entrenamientos y este jueves trabaj\u00f3 en\u00a0 doble turno en Villa Dom\u00ednico con la mente puesta en el duelo del s\u00e1bado contra V\u00e9lez en Liniers, donde Eduardo Dom\u00ednguez mantiene una duda en el once inicial. Los futbolistas se dividieron en 2 grupos: el primero, formado por los que jugaron ante [&hellip;]<\/p>\n","protected":false},"author":101025,"featured_media":103411,"comment_status":"open","ping_status":"closed","sticky":false,"template":"","format":"standard","meta":{"_links_to":"","_links_to_target":""},"categories":[3247,3],"tags":[153,2207,26,4647,4088,172],"_links":{"self":[{"href":"https:\/\/www.locoxelrojo.com\/independiente\/wp-json\/wp\/v2\/posts\/103410"}],"collection":[{"href":"https:\/\/www.locoxelrojo.com\/independiente\/wp-json\/wp\/v2\/posts"}],"about":[{"href":"https:\/\/www.locoxelrojo.com\/independiente\/wp-json\/wp\/v2\/types\/post"}],"author":[{"embeddable":true,"href":"https:\/\/www.locoxelrojo.com\/independiente\/wp-json\/wp\/v2\/users\/101025"}],"replies":[{"embeddable":true,"href":"https:\/\/www.locoxelrojo.com\/independiente\/wp-json\/wp\/v2\/comments?post=103410"}],"version-history":[{"count":1,"href":"https:\/\/www.locoxelrojo.com\/independiente\/wp-json\/wp\/v2\/posts\/103410\/revisions"}],"predecessor-version":[{"id":103412,"href":"https:\/\/www.locoxelrojo.com\/independiente\/wp-json\/wp\/v2\/posts\/103410\/revisions\/103412"}],"wp:featuredmedia":[{"embeddable":true,"href":"https:\/\/www.locoxelrojo.com\/independiente\/wp-json\/wp\/v2\/media\/103411"}],"wp:attachment":[{"href":"https:\/\/www.locoxelrojo.com\/independiente\/wp-json\/wp\/v2\/media?parent=103410"}],"wp:term":[{"taxonomy":"category","embeddable":true,"href":"https:\/\/www.locoxelrojo.com\/independiente\/wp-json\/wp\/v2\/categories?post=103410"},{"taxonomy":"post_tag","embeddable":true,"href":"https:\/\/www.locoxelrojo.com\/independiente\/wp-json\/wp\/v2\/tags?post=103410"}],"curies":[{"name":"wp","href":"https:\/\/api.w.org\/{rel}","templated":true}]}}