{"id":103449,"date":"2022-02-18T14:56:58","date_gmt":"2022-02-18T17:56:58","guid":{"rendered":"https:\/\/www.locoxelrojo.com\/independiente\/?p=103449"},"modified":"2022-02-19T06:59:53","modified_gmt":"2022-02-19T09:59:53","slug":"concentrados-vs-velez-salen-tres-de-la-lista","status":"publish","type":"post","link":"https:\/\/www.locoxelrojo.com\/independiente\/2022\/02\/18\/concentrados-vs-velez-salen-tres-de-la-lista\/","title":{"rendered":"Concentrados vs. V\u00e9lez: salen tres de la lista"},"content":{"rendered":"<p><strong>Eduardo Dom\u00ednguez confirm\u00f3 la lista de concentrados de Independiente para visitar a V\u00e9lez por la 3\u00aa fecha de la Copa de la Liga.<\/strong><\/p>\n<p>El t\u00e9cnico del Rojo decidi\u00f3 achicar la n\u00f3mina respecto de la convocatoria pasada ante Arsenal. Esta vez <strong>cit\u00f3 a 21 futbolistas<\/strong>, tres menos que en el partido anterior.<\/p>\n<p>Los que salieron fueron tres juveniles. <strong>Patricio Ostachuk, Ayrton Costa e Ignacio Medina<\/strong> son los nombres que esta vez ver\u00e1n el partido desde afuera.<\/p>\n<p>A su vez, <strong>no hay ninguna cara nueva en la lista<\/strong>. <a href=\"https:\/\/www.locoxelrojo.com\/independiente\/2022\/02\/15\/independiente-presento-a-su-ultimo-refuerzo\/\">La llegada de Leandro Benegas<\/a> es muy reciente y todav\u00eda le falta ponerse a punto en lo f\u00edsico y lo futbol\u00edstico.<\/p>\n<h3>Los concentrados ante el Fort\u00edn<\/h3>\n<p><strong>Arqueros:<\/strong>\u00a0Sebasti\u00e1n Sosa, Renzo Bacchia y Milton \u00c1lvarez.<\/p>\n<p><strong>Defensores:<\/strong> Joaqu\u00edn Laso, Thomas Ortega, Gonzalo As\u00eds, Lucas Rodr\u00edguez, Alex Vigo, Sergio Barreto y Juan Insaurralde.<\/p>\n<p><strong>Volantes:<\/strong> Andr\u00e9s Roa, Alan So\u00f1ora, Gast\u00f3n Togni, Lucas Gonz\u00e1lez, Carlos Benav\u00eddez, Lucas Romero y Tom\u00e1s Pozzo.<\/p>\n<p><strong>Delanteros:<\/strong>\u00a0Dami\u00e1n Batallini, Leandro Fern\u00e1ndez, Rodrigo M\u00e1rquez y Juli\u00e1n Romero.<\/p>\n","protected":false},"excerpt":{"rendered":"<p>Eduardo Dom\u00ednguez confirm\u00f3 la lista de concentrados de Independiente para visitar a V\u00e9lez por la 3\u00aa fecha de la Copa de la Liga. El t\u00e9cnico del Rojo decidi\u00f3 achicar la n\u00f3mina respecto de la convocatoria pasada ante Arsenal. Esta vez cit\u00f3 a 21 futbolistas, tres menos que en el partido anterior. Los que salieron fueron [&hellip;]<\/p>\n","protected":false},"author":8,"featured_media":103005,"comment_status":"open","ping_status":"closed","sticky":false,"template":"","format":"standard","meta":{"_links_to":"","_links_to_target":""},"categories":[3247,3],"tags":[4687,153,2024,2764,4041,4739],"_links":{"self":[{"href":"https:\/\/www.locoxelrojo.com\/independiente\/wp-json\/wp\/v2\/posts\/103449"}],"collection":[{"href":"https:\/\/www.locoxelrojo.com\/independiente\/wp-json\/wp\/v2\/posts"}],"about":[{"href":"https:\/\/www.locoxelrojo.com\/independiente\/wp-json\/wp\/v2\/types\/post"}],"author":[{"embeddable":true,"href":"https:\/\/www.locoxelrojo.com\/independiente\/wp-json\/wp\/v2\/users\/8"}],"replies":[{"embeddable":true,"href":"https:\/\/www.locoxelrojo.com\/independiente\/wp-json\/wp\/v2\/comments?post=103449"}],"version-history":[{"count":3,"href":"https:\/\/www.locoxelrojo.com\/independiente\/wp-json\/wp\/v2\/posts\/103449\/revisions"}],"predecessor-version":[{"id":103452,"href":"https:\/\/www.locoxelrojo.com\/independiente\/wp-json\/wp\/v2\/posts\/103449\/revisions\/103452"}],"wp:featuredmedia":[{"embeddable":true,"href":"https:\/\/www.locoxelrojo.com\/independiente\/wp-json\/wp\/v2\/media\/103005"}],"wp:attachment":[{"href":"https:\/\/www.locoxelrojo.com\/independiente\/wp-json\/wp\/v2\/media?parent=103449"}],"wp:term":[{"taxonomy":"category","embeddable":true,"href":"https:\/\/www.locoxelrojo.com\/independiente\/wp-json\/wp\/v2\/categories?post=103449"},{"taxonomy":"post_tag","embeddable":true,"href":"https:\/\/www.locoxelrojo.com\/independiente\/wp-json\/wp\/v2\/tags?post=103449"}],"curies":[{"name":"wp","href":"https:\/\/api.w.org\/{rel}","templated":true}]}}