{"id":103457,"date":"2022-02-18T14:30:00","date_gmt":"2022-02-18T17:30:00","guid":{"rendered":"https:\/\/www.locoxelrojo.com\/independiente\/?p=103457"},"modified":"2022-02-19T08:46:22","modified_gmt":"2022-02-19T11:46:22","slug":"aguero-explico-por-que-no-volvio-a-independiente-y-hablo-de-todo","status":"publish","type":"post","link":"https:\/\/www.locoxelrojo.com\/independiente\/2022\/02\/18\/aguero-explico-por-que-no-volvio-a-independiente-y-hablo-de-todo\/","title":{"rendered":"Ag\u00fcero explic\u00f3 por qu\u00e9 no volvi\u00f3 a Independiente y habl\u00f3 de todo"},"content":{"rendered":"<p><strong>Sergio Ag\u00fcero<\/strong> rompi\u00f3 el silencio sobre su regreso frustrado a Independiente y explic\u00f3 por qu\u00e9 no volvi\u00f3 tras su salida de Manchester City. Adem\u00e1s, fue tajante sobre las versiones que lo acercaban al club para entrenarse con el plantel profesional y habl\u00f3 de su v\u00ednculo con la instituci\u00f3n en un futuro.<\/p>\n<p><strong>\u201cNo estoy arrepentido de no haber vuelto a Independiente. Ten\u00eda pensado volver, no s\u00e9 si seis meses o un a\u00f1o, para retirarme. Pero yo sab\u00eda que todav\u00eda estaba en buenas condiciones, y cuando fue lo del Barcelona por dos a\u00f1os, no le pod\u00eda decir que no\u201d<\/strong>, declar\u00f3 el Kun en charla con Radio 10.<\/p>\n<p><strong>\u201cDije &#8216;bueno, dos a\u00f1os y ah\u00ed veo ad\u00f3nde voy y en d\u00f3nde me retiro&#8217;. La gente te dice &#8216;volv\u00e9 ya&#8217;, pero yo sent\u00eda que estaba bien para seguir en Europa, entonces era muy dif\u00edcil la decisi\u00f3n de dar un paso atr\u00e1s y venir ya a retirarme. Me faltaban tres o cuatro a\u00f1itos m\u00e1s del nivel que yo cre\u00eda que ten\u00eda para estar en Europa\u201d<\/strong>, a\u00f1adi\u00f3 sobre la decisi\u00f3n de pasar al conjunto catal\u00e1n despu\u00e9s de su salida del City.<\/p>\n<p><iframe loading=\"lazy\" title=\"#EXCLUSIVO - Sergio Kun Ag\u00fcero mano a mano con Jorge Rial\" width=\"696\" height=\"392\" src=\"https:\/\/www.youtube.com\/embed\/F2JVpBxIM-U?feature=oembed\" frameborder=\"0\" allow=\"accelerometer; autoplay; clipboard-write; encrypted-media; gyroscope; picture-in-picture\" allowfullscreen><\/iframe><\/p>\n<p>Por otro lado, volvi\u00f3 a referirse al rumor de que se entrenar\u00eda con la Primera del Rojo a mitad de a\u00f1o:<strong> \u201cSali\u00f3 en tres diarios y el hincha de Independiente lo mira, entonces no le mientan a la gente. No s\u00e9 de d\u00f3nde sacaron los medios que yo iba a jugar. \u00bfC\u00f3mo van a decirle a la gente que en junio voy a ir si hace seis meses casi me agarra un patat\u00fas? Est\u00e1n locos\u201d<\/strong>.<\/p>\n<p>Cuando le preguntaron por <a href=\"https:\/\/www.locoxelrojo.com\/independiente\/2022\/02\/07\/se-enojo-aguero-no-hagan-campana-conmigo-y-no-me-molesten\/\">su cruce con el arco pol\u00edtico del Rojo<\/a>, el Kun aclar\u00f3 varias cuestiones que se hablaron en el mundo rojo: <strong>\u201cPusieron en Twitter una foto m\u00eda comiendo con Moyano. Uno puso &#8216;dec\u00eds que no te usen para hacer campa\u00f1a pero bien que te junt\u00e1s&#8217;. Ah\u00ed no fui a hacer campa\u00f1a ni nada, yo fui a presentarle un proyecto a Independiente para hacer el complejo de Dom\u00ednico con Gabriel Milito y nos sacamos fotos, porque no tengo ning\u00fan problema ni con los Moyano ni con nadie\u201d<\/strong>.<\/p>\n<p>Por otro lado, desestim\u00f3 involucrarse en la instituci\u00f3n pol\u00edticamente en el corto plazo pero dej\u00f3 la puerta abierta para ocupar alg\u00fan rol en un futuro: <strong>\u201cHoy lo descarto, porque es muy reciente (el retiro), pero no quiere decir que un d\u00eda no diga &#8216;OK, quiero ayudar a Independiente&#8217;. Hoy quiero estar muy tranquilo, pero alg\u00fan d\u00eda algo podr\u00eda hacer. No s\u00e9 si ser presidente, no estoy pensando en eso, estoy pensando m\u00e1s en mi equipo de Esports que en el f\u00fatbol\u201d<\/strong>.<\/p>\n<p><strong> \u201cPor ah\u00ed puedo dar consejos u opiniones para poder ayudar a Independiente, no tengo ning\u00fan problema, mi tel\u00e9fono est\u00e1&#8230;\u201d<\/strong>, cerr\u00f3.<\/p>\n","protected":false},"excerpt":{"rendered":"<p>Sergio Ag\u00fcero rompi\u00f3 el silencio sobre su regreso frustrado a Independiente y explic\u00f3 por qu\u00e9 no volvi\u00f3 tras su salida de Manchester City. Adem\u00e1s, fue tajante sobre las versiones que lo acercaban al club para entrenarse con el plantel profesional y habl\u00f3 de su v\u00ednculo con la instituci\u00f3n en un futuro. \u201cNo estoy arrepentido de [&hellip;]<\/p>\n","protected":false},"author":8,"featured_media":103461,"comment_status":"open","ping_status":"closed","sticky":false,"template":"","format":"standard","meta":{"_links_to":"","_links_to_target":""},"categories":[3280,3247],"tags":[153,143],"_links":{"self":[{"href":"https:\/\/www.locoxelrojo.com\/independiente\/wp-json\/wp\/v2\/posts\/103457"}],"collection":[{"href":"https:\/\/www.locoxelrojo.com\/independiente\/wp-json\/wp\/v2\/posts"}],"about":[{"href":"https:\/\/www.locoxelrojo.com\/independiente\/wp-json\/wp\/v2\/types\/post"}],"author":[{"embeddable":true,"href":"https:\/\/www.locoxelrojo.com\/independiente\/wp-json\/wp\/v2\/users\/8"}],"replies":[{"embeddable":true,"href":"https:\/\/www.locoxelrojo.com\/independiente\/wp-json\/wp\/v2\/comments?post=103457"}],"version-history":[{"count":7,"href":"https:\/\/www.locoxelrojo.com\/independiente\/wp-json\/wp\/v2\/posts\/103457\/revisions"}],"predecessor-version":[{"id":103465,"href":"https:\/\/www.locoxelrojo.com\/independiente\/wp-json\/wp\/v2\/posts\/103457\/revisions\/103465"}],"wp:featuredmedia":[{"embeddable":true,"href":"https:\/\/www.locoxelrojo.com\/independiente\/wp-json\/wp\/v2\/media\/103461"}],"wp:attachment":[{"href":"https:\/\/www.locoxelrojo.com\/independiente\/wp-json\/wp\/v2\/media?parent=103457"}],"wp:term":[{"taxonomy":"category","embeddable":true,"href":"https:\/\/www.locoxelrojo.com\/independiente\/wp-json\/wp\/v2\/categories?post=103457"},{"taxonomy":"post_tag","embeddable":true,"href":"https:\/\/www.locoxelrojo.com\/independiente\/wp-json\/wp\/v2\/tags?post=103457"}],"curies":[{"name":"wp","href":"https:\/\/api.w.org\/{rel}","templated":true}]}}