{"id":103468,"date":"2022-02-19T11:20:58","date_gmt":"2022-02-19T14:20:58","guid":{"rendered":"https:\/\/www.locoxelrojo.com\/independiente\/?p=103468"},"modified":"2022-02-19T21:34:42","modified_gmt":"2022-02-20T00:34:42","slug":"velez-independiente-copa-de-la-liga-2022","status":"publish","type":"post","link":"https:\/\/www.locoxelrojo.com\/independiente\/2022\/02\/19\/velez-independiente-copa-de-la-liga-2022\/","title":{"rendered":"A seguir la senda del triunfo"},"content":{"rendered":"<p><strong>Por la 3\u00aa fecha de la Copa de la Liga, Independiente visitar\u00e1 a V\u00e9lez desde las 21:30 en el estadio Jos\u00e9 Amalfitani. El \u00e1rbitro ser\u00e1 <a href=\"https:\/\/www.locoxelrojo.com\/independiente\/2022\/02\/17\/delfino-el-arbitro-en-liniers\/\">Germ\u00e1n Delfino.<\/a><\/strong><\/p>\n<p>Tras la victoria ante Arsenal en Avellaneda, <strong>el Rojo buscar\u00e1 seguir en la senda del triunfo y vencer a un duro rival para pelear los primeros puestos de la Copa de la Liga<\/strong> desde el principio. <a href=\"https:\/\/www.locoxelrojo.com\/independiente\/2022\/02\/18\/asi-llega-el-fortin-3\/\">En frente estar\u00e1n los de Liniers<\/a>, que ganaron en la primera jornada pero <strong>vienen de perder contra Rosario Central en Arroyito.<\/strong><\/p>\n<p>En cuanto al equipo, <a href=\"https:\/\/www.locoxelrojo.com\/independiente\/2022\/02\/19\/baja-de-ultimo-momento\/\">Eduardo Dom\u00ednguez tuvo que meter mano poco antes de arrancar tras la lesi\u00f3n de Sebasti\u00e1n Sosa<\/a>. <strong>Renzo Bacchia pasar\u00e1 a ocupar su lugar<\/strong> y el resto son los mismos que vienen de derrotar a los de Sarand\u00ed.<\/p>\n<p>Por su parte, <strong>Mauricio Pellegrino<\/strong>, DT ex Rojo, <strong>mantiene algunas dudas y la alineaci\u00f3n ser\u00e1 una sorpresa, con varios renombres como opciones.<\/strong><\/p>\n<h3>Probables formaciones<\/h3>\n<p><strong>Independiente:<\/strong> Renzo Bacchia; Alex Vigo, Sergio Barreto, Juan Manuel Insaurralde, Thomas Ortega; Carlos Benavidez, Lucas Romero; Andr\u00e9s Roa, Alan So\u00f1ora, Dami\u00e1n Batallini; Leandro Fern\u00e1ndez.<br \/>\n<strong>DT:<\/strong>\u00a0Eduardo Dom\u00ednguez.<\/p>\n<p><strong>V\u00e9lez:<\/strong>\u00a0Lucas Hoyos; Tom\u00e1s Guidara, Mat\u00edas De los Santos, Lautaro Giannetti y Emanuel Ins\u00faa; Nicol\u00e1s Garayalde y Agust\u00edn Mulet; Jos\u00e9 Florent\u00edn, Lucas Janson y Agust\u00edn Bouzat; Sebasti\u00e1n Sosa S\u00e1nchez.<br \/>\n<strong>DT:<\/strong> Mauricio Pellegrino.<\/p>\n<p><strong>\u00c1rbitro:<\/strong> Germ\u00e1n Delfino.<\/p>\n<p><strong>Hora:<\/strong> 21:30.<\/p>\n<p><strong>Estadio:<\/strong> Jos\u00e9 Amalfitani<\/p>\n<p><strong>TV:<\/strong> TNT Sports.<\/p>\n","protected":false},"excerpt":{"rendered":"<p>Por la 3\u00aa fecha de la Copa de la Liga, Independiente visitar\u00e1 a V\u00e9lez desde las 21:30 en el estadio Jos\u00e9 Amalfitani. El \u00e1rbitro ser\u00e1 Germ\u00e1n Delfino. Tras la victoria ante Arsenal en Avellaneda, el Rojo buscar\u00e1 seguir en la senda del triunfo y vencer a un duro rival para pelear los primeros puestos de [&hellip;]<\/p>\n","protected":false},"author":101017,"featured_media":103469,"comment_status":"open","ping_status":"closed","sticky":false,"template":"","format":"standard","meta":{"_links_to":"","_links_to_target":""},"categories":[3247,2007],"tags":[153,5127,3521,213],"_links":{"self":[{"href":"https:\/\/www.locoxelrojo.com\/independiente\/wp-json\/wp\/v2\/posts\/103468"}],"collection":[{"href":"https:\/\/www.locoxelrojo.com\/independiente\/wp-json\/wp\/v2\/posts"}],"about":[{"href":"https:\/\/www.locoxelrojo.com\/independiente\/wp-json\/wp\/v2\/types\/post"}],"author":[{"embeddable":true,"href":"https:\/\/www.locoxelrojo.com\/independiente\/wp-json\/wp\/v2\/users\/101017"}],"replies":[{"embeddable":true,"href":"https:\/\/www.locoxelrojo.com\/independiente\/wp-json\/wp\/v2\/comments?post=103468"}],"version-history":[{"count":3,"href":"https:\/\/www.locoxelrojo.com\/independiente\/wp-json\/wp\/v2\/posts\/103468\/revisions"}],"predecessor-version":[{"id":103475,"href":"https:\/\/www.locoxelrojo.com\/independiente\/wp-json\/wp\/v2\/posts\/103468\/revisions\/103475"}],"wp:featuredmedia":[{"embeddable":true,"href":"https:\/\/www.locoxelrojo.com\/independiente\/wp-json\/wp\/v2\/media\/103469"}],"wp:attachment":[{"href":"https:\/\/www.locoxelrojo.com\/independiente\/wp-json\/wp\/v2\/media?parent=103468"}],"wp:term":[{"taxonomy":"category","embeddable":true,"href":"https:\/\/www.locoxelrojo.com\/independiente\/wp-json\/wp\/v2\/categories?post=103468"},{"taxonomy":"post_tag","embeddable":true,"href":"https:\/\/www.locoxelrojo.com\/independiente\/wp-json\/wp\/v2\/tags?post=103468"}],"curies":[{"name":"wp","href":"https:\/\/api.w.org\/{rel}","templated":true}]}}